{"id":529,"date":"2022-08-22T11:30:55","date_gmt":"2022-08-22T09:30:55","guid":{"rendered":"https:\/\/www.lolibri.fr\/?p=529"},"modified":"2023-02-10T10:47:07","modified_gmt":"2023-02-10T09:47:07","slug":"agroalimentaire-et-developpement-durable","status":"publish","type":"post","link":"https:\/\/www.lolibri.fr\/index.php\/2022\/08\/22\/agroalimentaire-et-developpement-durable\/","title":{"rendered":"IAA\u00a0: le d\u00e9veloppement durable, \u00e7a n\u2019est pas pour moi\u00a0!?"},"content":{"rendered":"\t\t<div data-elementor-type=\"wp-post\" data-elementor-id=\"529\" class=\"elementor elementor-529\">\n\t\t\t\t\t\t<section class=\"elementor-section elementor-top-section elementor-element elementor-element-f6b51b0 elementor-section-boxed elementor-section-height-default elementor-section-height-default\" data-id=\"f6b51b0\" data-element_type=\"section\" data-e-type=\"section\">\n\t\t\t\t\t\t<div class=\"elementor-container elementor-column-gap-default\">\n\t\t\t\t\t<div class=\"elementor-column elementor-col-100 elementor-top-column elementor-element elementor-element-630453b\" data-id=\"630453b\" data-element_type=\"column\" data-e-type=\"column\">\n\t\t\t<div class=\"elementor-widget-wrap elementor-element-populated\">\n\t\t\t\t\t\t<div class=\"elementor-element elementor-element-54790a8 elementor-widget elementor-widget-heading\" data-id=\"54790a8\" data-element_type=\"widget\" data-e-type=\"widget\" data-widget_type=\"heading.default\">\n\t\t\t\t<div class=\"elementor-widget-container\">\n\t\t\t\t\t<h1 class=\"elementor-heading-title elementor-size-default\">Agroalimentaire et d\u00e9veloppement durable<\/h1>\t\t\t\t<\/div>\n\t\t\t\t<\/div>\n\t\t\t\t\t<\/div>\n\t\t<\/div>\n\t\t\t\t\t<\/div>\n\t\t<\/section>\n\t\t\t\t<section class=\"elementor-section elementor-top-section elementor-element elementor-element-fbaa347 elementor-section-boxed elementor-section-height-default elementor-section-height-default\" data-id=\"fbaa347\" data-element_type=\"section\" data-e-type=\"section\">\n\t\t\t\t\t\t<div class=\"elementor-container elementor-column-gap-default\">\n\t\t\t\t\t<div class=\"elementor-column elementor-col-100 elementor-top-column elementor-element elementor-element-33a0439\" data-id=\"33a0439\" data-element_type=\"column\" data-e-type=\"column\">\n\t\t\t<div class=\"elementor-widget-wrap elementor-element-populated\">\n\t\t\t\t\t\t<div class=\"elementor-element elementor-element-99030be elementor-widget elementor-widget-text-editor\" data-id=\"99030be\" data-element_type=\"widget\" data-e-type=\"widget\" data-widget_type=\"text-editor.default\">\n\t\t\t\t<div class=\"elementor-widget-container\">\n\t\t\t\t\t\t\t\t\t<h3>RSE et d\u00e9veloppement durable<\/h3><p>On entend souvent parler de RSE (Responsabilit\u00e9 Sociale\/Soci\u00e9tale des Entreprises). Mais c\u2019est quoi au juste, la RSE\u00a0?<\/p><p>C\u2019est tout simplement l\u2019application des principes du d\u00e9veloppement durable (DD pour les intimes) au monde de l\u2019entreprise\u00a0!<\/p><p>Et le d\u00e9veloppement durable alors\u00a0? C\u2019est un d\u00e9veloppement qui r\u00e9pond aux besoins du pr\u00e9sent sans compromettre la capacit\u00e9 des g\u00e9n\u00e9rations futures de r\u00e9pondre aux leurs.<\/p><p>Pour r\u00e9sum\u00e9\u00a0: la RSE s\u2019inscrit dans la strat\u00e9gie \u00e0 long terme des entreprises et vise \u00e0 contribuer au d\u00e9veloppement durable. L\u2019objectif est ainsi d\u2019\u00eatre \u00e9conomiquement viable, d\u2019avoir un impact positif sur la soci\u00e9t\u00e9 mais \u00e9galement de mieux respecter l\u2019environnement, trois enjeux interd\u00e9pendants.<\/p><h3>L&rsquo;agroalimentaire et le DD<\/h3><p>Premier secteur industriel fran\u00e7ais, le secteur agroalimentaire est un secteur essentiel \u00e0 toutes autres activit\u00e9. Nous l\u2019avons bien constat\u00e9 lors de la crise du Covid-19 (un de seuls secteurs en France \u00e0 continuer son activit\u00e9 pendant la pand\u00e9mie ).<\/p><p>Secteur essentiel et donc souvent confront\u00e9 aux diff\u00e9rentes crises : \u00e9conomiques, sanitaires \u2026 La fili\u00e8re agroalimentaire a conscience des effets qu\u2019elle peut exercer sur la soci\u00e9t\u00e9 (impacts sur l&rsquo;eau, sur la production de d\u00e9chets, sur la pollution des sols, etc.), et des demandes soci\u00e9tales et environnementales de plus en plus exigeantes de la part des citoyens. La fili\u00e8re doit donc se transformer pour s\u2019adapter aux demandes en d\u00e9veloppant de nouvelles strat\u00e9gies.<\/p><p>C\u2019est l\u00e0 que le d\u00e9veloppement durable intervient. Il doit \u00eatre vu par les entreprises agroalimentaires comme une opportunit\u00e9 d\u2019innover tant dans les pratiques que dans les produits propos\u00e9s aux consommateurs. C\u2019est \u00e9galement, contrairement aux id\u00e9es re\u00e7ues, l\u2019occasion de cibler de nombreuses sources d\u2019\u00e9conomies (performance \u00e9nerg\u00e9tique), de pr\u00e9parer certaines \u00e9volutions r\u00e9glementaires incontournables et de motiver les salari\u00e9s et de soigner l\u2019image de l\u2019entreprise aupr\u00e8s des consommateurs.<\/p><h3>Le DD pour tous !<\/h3><p>Les grandes entreprises sont fortement incit\u00e9es \u00e0 engager des d\u00e9marches RSE mais qu\u2019en est -il des TPE et PME\u00a0?<\/p><p>C\u2019est \u00e0 l\u2019entreprise d\u2019initier la d\u00e9marche (il s\u2019agit d\u2019une d\u00e9marche volontaire). Pourtant le d\u00e9veloppement durable concerne toutes les entreprises, multinationales, PME comme TPE.<\/p><p>Mais ce n\u2019est pas facile lorsque l\u2019on a ni le temps, ni les ressources et, peut \u00eatre, ni la motivation.<\/p><p>La plupart des petites et moyennes entreprises ont d\u00e9j\u00e0 initi\u00e9 des actions de d\u00e9veloppement durable (parfois, sans le savoir).Impliquer les salari\u00e9s est souvent une bonne mani\u00e8re de relancer la d\u00e9marche. Par exemple en organisant un atelier sur le th\u00e8me du d\u00e9veloppement durable.<\/p><h4>C\u2019est ensemble que l\u2019on peut avancer.<\/h4>\t\t\t\t\t\t\t\t<\/div>\n\t\t\t\t<\/div>\n\t\t\t\t\t<\/div>\n\t\t<\/div>\n\t\t\t\t\t<\/div>\n\t\t<\/section>\n\t\t\t\t<section class=\"elementor-section elementor-top-section elementor-element elementor-element-ce6211b elementor-section-boxed elementor-section-height-default elementor-section-height-default\" data-id=\"ce6211b\" data-element_type=\"section\" data-e-type=\"section\">\n\t\t\t\t\t\t<div class=\"elementor-container elementor-column-gap-default\">\n\t\t\t\t\t<div class=\"elementor-column elementor-col-100 elementor-top-column elementor-element elementor-element-c92ed0d\" data-id=\"c92ed0d\" data-element_type=\"column\" data-e-type=\"column\">\n\t\t\t<div class=\"elementor-widget-wrap elementor-element-populated\">\n\t\t\t\t\t\t<div class=\"elementor-element elementor-element-435823c elementor-widget elementor-widget-image\" data-id=\"435823c\" data-element_type=\"widget\" data-e-type=\"widget\" data-widget_type=\"image.default\">\n\t\t\t\t<div class=\"elementor-widget-container\">\n\t\t\t\t\t\t\t\t\t\t\t\t\t\t\t<img fetchpriority=\"high\" decoding=\"async\" width=\"300\" height=\"179\" src=\"https:\/\/www.lolibri.fr\/wp-content\/uploads\/2022\/08\/Eensemble-300x179.png\" class=\"attachment-medium size-medium wp-image-533\" alt=\"d\u00e9veloppement durable c&#039;est l&#039;affaire de tous\" srcset=\"https:\/\/www.lolibri.fr\/wp-content\/uploads\/2022\/08\/Eensemble-300x179.png 300w, https:\/\/www.lolibri.fr\/wp-content\/uploads\/2022\/08\/Eensemble.png 641w\" sizes=\"(max-width: 300px) 100vw, 300px\" \/>\t\t\t\t\t\t\t\t\t\t\t\t\t\t\t<\/div>\n\t\t\t\t<\/div>\n\t\t\t\t\t<\/div>\n\t\t<\/div>\n\t\t\t\t\t<\/div>\n\t\t<\/section>\n\t\t\t\t<\/div>\n\t\t","protected":false},"excerpt":{"rendered":"<p>Agroalimentaire et d\u00e9veloppement durable RSE et d\u00e9veloppement durable On entend souvent parler de RSE (Responsabilit\u00e9 Sociale\/Soci\u00e9tale des Entreprises). Mais c\u2019est quoi au juste, la RSE\u00a0? C\u2019est tout simplement l\u2019application des principes du d\u00e9veloppement durable (DD pour les intimes) au monde de l\u2019entreprise\u00a0! Et le d\u00e9veloppement durable alors\u00a0? C\u2019est un d\u00e9veloppement qui r\u00e9pond aux besoins du [&hellip;]<\/p>\n","protected":false},"author":1,"featured_media":0,"comment_status":"open","ping_status":"open","sticky":false,"template":"","format":"standard","meta":{"ocean_post_layout":"","ocean_both_sidebars_style":"","ocean_both_sidebars_content_width":0,"ocean_both_sidebars_sidebars_width":0,"ocean_sidebar":"","ocean_second_sidebar":"","ocean_disable_margins":"enable","ocean_add_body_class":"","ocean_shortcode_before_top_bar":"","ocean_shortcode_after_top_bar":"","ocean_shortcode_before_header":"","ocean_shortcode_after_header":"","ocean_has_shortcode":"","ocean_shortcode_after_title":"","ocean_shortcode_before_footer_widgets":"","ocean_shortcode_after_footer_widgets":"","ocean_shortcode_before_footer_bottom":"","ocean_shortcode_after_footer_bottom":"","ocean_display_top_bar":"default","ocean_display_header":"default","ocean_header_style":"","ocean_center_header_left_menu":"","ocean_custom_header_template":"","ocean_custom_logo":0,"ocean_custom_retina_logo":0,"ocean_custom_logo_max_width":0,"ocean_custom_logo_tablet_max_width":0,"ocean_custom_logo_mobile_max_width":0,"ocean_custom_logo_max_height":0,"ocean_custom_logo_tablet_max_height":0,"ocean_custom_logo_mobile_max_height":0,"ocean_header_custom_menu":"","ocean_menu_typo_font_family":"","ocean_menu_typo_font_subset":"","ocean_menu_typo_font_size":0,"ocean_menu_typo_font_size_tablet":0,"ocean_menu_typo_font_size_mobile":0,"ocean_menu_typo_font_size_unit":"px","ocean_menu_typo_font_weight":"","ocean_menu_typo_font_weight_tablet":"","ocean_menu_typo_font_weight_mobile":"","ocean_menu_typo_transform":"","ocean_menu_typo_transform_tablet":"","ocean_menu_typo_transform_mobile":"","ocean_menu_typo_line_height":0,"ocean_menu_typo_line_height_tablet":0,"ocean_menu_typo_line_height_mobile":0,"ocean_menu_typo_line_height_unit":"","ocean_menu_typo_spacing":0,"ocean_menu_typo_spacing_tablet":0,"ocean_menu_typo_spacing_mobile":0,"ocean_menu_typo_spacing_unit":"","ocean_menu_link_color":"","ocean_menu_link_color_hover":"","ocean_menu_link_color_active":"","ocean_menu_link_background":"","ocean_menu_link_hover_background":"","ocean_menu_link_active_background":"","ocean_menu_social_links_bg":"","ocean_menu_social_hover_links_bg":"","ocean_menu_social_links_color":"","ocean_menu_social_hover_links_color":"","ocean_disable_title":"default","ocean_disable_heading":"default","ocean_post_title":"","ocean_post_subheading":"","ocean_post_title_style":"","ocean_post_title_background_color":"","ocean_post_title_background":0,"ocean_post_title_bg_image_position":"","ocean_post_title_bg_image_attachment":"","ocean_post_title_bg_image_repeat":"","ocean_post_title_bg_image_size":"","ocean_post_title_height":0,"ocean_post_title_bg_overlay":0.5,"ocean_post_title_bg_overlay_color":"","ocean_disable_breadcrumbs":"default","ocean_breadcrumbs_color":"","ocean_breadcrumbs_separator_color":"","ocean_breadcrumbs_links_color":"","ocean_breadcrumbs_links_hover_color":"","ocean_display_footer_widgets":"default","ocean_display_footer_bottom":"default","ocean_custom_footer_template":"","ocean_post_oembed":"","ocean_post_self_hosted_media":"","ocean_post_video_embed":"","ocean_link_format":"","ocean_link_format_target":"self","ocean_quote_format":"","ocean_quote_format_link":"post","ocean_gallery_link_images":"on","ocean_gallery_id":[],"footnotes":""},"categories":[1],"tags":[],"class_list":["post-529","post","type-post","status-publish","format-standard","hentry","category-non-classe","entry"],"yoast_head":"<!-- This site is optimized with the Yoast SEO plugin v27.4 - https:\/\/yoast.com\/product\/yoast-seo-wordpress\/ -->\n<title>agroalimentaire et d\u00e9veloppement durable<\/title>\n<meta name=\"description\" content=\"L&#039;agroalimentaire est un secteur cl\u00e9 pour l&#039;industrie fran\u00e7aise. Le d\u00e9veloppement durable est primordiale pour p\u00e9renniser le secteur.\" \/>\n<meta name=\"robots\" content=\"index, follow, max-snippet:-1, max-image-preview:large, max-video-preview:-1\" \/>\n<link rel=\"canonical\" href=\"https:\/\/www.lolibri.fr\/index.php\/2022\/08\/22\/agroalimentaire-et-developpement-durable\/\" \/>\n<meta property=\"og:locale\" content=\"fr_FR\" \/>\n<meta property=\"og:type\" content=\"article\" \/>\n<meta property=\"og:title\" content=\"agroalimentaire et d\u00e9veloppement durable\" \/>\n<meta property=\"og:description\" content=\"L&#039;agroalimentaire est un secteur cl\u00e9 pour l&#039;industrie fran\u00e7aise. Le d\u00e9veloppement durable est primordiale pour p\u00e9renniser le secteur.\" \/>\n<meta property=\"og:url\" content=\"https:\/\/www.lolibri.fr\/index.php\/2022\/08\/22\/agroalimentaire-et-developpement-durable\/\" \/>\n<meta property=\"og:site_name\" content=\"Lolibri\" \/>\n<meta property=\"article:publisher\" content=\"https:\/\/www.facebook.com\/lolibri.conseil\" \/>\n<meta property=\"article:published_time\" content=\"2022-08-22T09:30:55+00:00\" \/>\n<meta property=\"article:modified_time\" content=\"2023-02-10T09:47:07+00:00\" \/>\n<meta property=\"og:image\" content=\"http:\/\/www.lolibri.fr\/wp-content\/uploads\/2022\/08\/Eensemble-300x179.png\" \/>\n<meta name=\"author\" content=\"Carole\" \/>\n<meta name=\"twitter:card\" content=\"summary_large_image\" \/>\n<meta name=\"twitter:label1\" content=\"\u00c9crit par\" \/>\n\t<meta name=\"twitter:data1\" content=\"Carole\" \/>\n\t<meta name=\"twitter:label2\" content=\"Dur\u00e9e de lecture estim\u00e9e\" \/>\n\t<meta name=\"twitter:data2\" content=\"3 minutes\" \/>\n<script type=\"application\/ld+json\" class=\"yoast-schema-graph\">{\"@context\":\"https:\\\/\\\/schema.org\",\"@graph\":[{\"@type\":\"Article\",\"@id\":\"https:\\\/\\\/www.lolibri.fr\\\/index.php\\\/2022\\\/08\\\/22\\\/agroalimentaire-et-developpement-durable\\\/#article\",\"isPartOf\":{\"@id\":\"https:\\\/\\\/www.lolibri.fr\\\/index.php\\\/2022\\\/08\\\/22\\\/agroalimentaire-et-developpement-durable\\\/\"},\"author\":{\"name\":\"Carole\",\"@id\":\"https:\\\/\\\/www.lolibri.fr\\\/#\\\/schema\\\/person\\\/9a3a28f54bd4fd90c9b98e04a41e74ff\"},\"headline\":\"IAA\u00a0: le d\u00e9veloppement durable, \u00e7a n\u2019est pas pour moi\u00a0!?\",\"datePublished\":\"2022-08-22T09:30:55+00:00\",\"dateModified\":\"2023-02-10T09:47:07+00:00\",\"mainEntityOfPage\":{\"@id\":\"https:\\\/\\\/www.lolibri.fr\\\/index.php\\\/2022\\\/08\\\/22\\\/agroalimentaire-et-developpement-durable\\\/\"},\"wordCount\":485,\"commentCount\":0,\"publisher\":{\"@id\":\"https:\\\/\\\/www.lolibri.fr\\\/#organization\"},\"image\":{\"@id\":\"https:\\\/\\\/www.lolibri.fr\\\/index.php\\\/2022\\\/08\\\/22\\\/agroalimentaire-et-developpement-durable\\\/#primaryimage\"},\"thumbnailUrl\":\"http:\\\/\\\/www.lolibri.fr\\\/wp-content\\\/uploads\\\/2022\\\/08\\\/Eensemble-300x179.png\",\"inLanguage\":\"fr-FR\",\"potentialAction\":[{\"@type\":\"CommentAction\",\"name\":\"Comment\",\"target\":[\"https:\\\/\\\/www.lolibri.fr\\\/index.php\\\/2022\\\/08\\\/22\\\/agroalimentaire-et-developpement-durable\\\/#respond\"]}]},{\"@type\":\"WebPage\",\"@id\":\"https:\\\/\\\/www.lolibri.fr\\\/index.php\\\/2022\\\/08\\\/22\\\/agroalimentaire-et-developpement-durable\\\/\",\"url\":\"https:\\\/\\\/www.lolibri.fr\\\/index.php\\\/2022\\\/08\\\/22\\\/agroalimentaire-et-developpement-durable\\\/\",\"name\":\"agroalimentaire et d\u00e9veloppement durable\",\"isPartOf\":{\"@id\":\"https:\\\/\\\/www.lolibri.fr\\\/#website\"},\"primaryImageOfPage\":{\"@id\":\"https:\\\/\\\/www.lolibri.fr\\\/index.php\\\/2022\\\/08\\\/22\\\/agroalimentaire-et-developpement-durable\\\/#primaryimage\"},\"image\":{\"@id\":\"https:\\\/\\\/www.lolibri.fr\\\/index.php\\\/2022\\\/08\\\/22\\\/agroalimentaire-et-developpement-durable\\\/#primaryimage\"},\"thumbnailUrl\":\"http:\\\/\\\/www.lolibri.fr\\\/wp-content\\\/uploads\\\/2022\\\/08\\\/Eensemble-300x179.png\",\"datePublished\":\"2022-08-22T09:30:55+00:00\",\"dateModified\":\"2023-02-10T09:47:07+00:00\",\"description\":\"L'agroalimentaire est un secteur cl\u00e9 pour l'industrie fran\u00e7aise. Le d\u00e9veloppement durable est primordiale pour p\u00e9renniser le secteur.\",\"breadcrumb\":{\"@id\":\"https:\\\/\\\/www.lolibri.fr\\\/index.php\\\/2022\\\/08\\\/22\\\/agroalimentaire-et-developpement-durable\\\/#breadcrumb\"},\"inLanguage\":\"fr-FR\",\"potentialAction\":[{\"@type\":\"ReadAction\",\"target\":[\"https:\\\/\\\/www.lolibri.fr\\\/index.php\\\/2022\\\/08\\\/22\\\/agroalimentaire-et-developpement-durable\\\/\"]}]},{\"@type\":\"ImageObject\",\"inLanguage\":\"fr-FR\",\"@id\":\"https:\\\/\\\/www.lolibri.fr\\\/index.php\\\/2022\\\/08\\\/22\\\/agroalimentaire-et-developpement-durable\\\/#primaryimage\",\"url\":\"https:\\\/\\\/www.lolibri.fr\\\/wp-content\\\/uploads\\\/2022\\\/08\\\/Eensemble.png\",\"contentUrl\":\"https:\\\/\\\/www.lolibri.fr\\\/wp-content\\\/uploads\\\/2022\\\/08\\\/Eensemble.png\",\"width\":641,\"height\":383,\"caption\":\"Le changement par tous et ensemble\"},{\"@type\":\"BreadcrumbList\",\"@id\":\"https:\\\/\\\/www.lolibri.fr\\\/index.php\\\/2022\\\/08\\\/22\\\/agroalimentaire-et-developpement-durable\\\/#breadcrumb\",\"itemListElement\":[{\"@type\":\"ListItem\",\"position\":1,\"name\":\"Accueil\",\"item\":\"https:\\\/\\\/www.lolibri.fr\\\/\"},{\"@type\":\"ListItem\",\"position\":2,\"name\":\"IAA\u00a0: le d\u00e9veloppement durable, \u00e7a n\u2019est pas pour moi\u00a0!?\"}]},{\"@type\":\"WebSite\",\"@id\":\"https:\\\/\\\/www.lolibri.fr\\\/#website\",\"url\":\"https:\\\/\\\/www.lolibri.fr\\\/\",\"name\":\"Lolibri\",\"description\":\"La performance dans le bon sens.\",\"publisher\":{\"@id\":\"https:\\\/\\\/www.lolibri.fr\\\/#organization\"},\"potentialAction\":[{\"@type\":\"SearchAction\",\"target\":{\"@type\":\"EntryPoint\",\"urlTemplate\":\"https:\\\/\\\/www.lolibri.fr\\\/?s={search_term_string}\"},\"query-input\":{\"@type\":\"PropertyValueSpecification\",\"valueRequired\":true,\"valueName\":\"search_term_string\"}}],\"inLanguage\":\"fr-FR\"},{\"@type\":\"Organization\",\"@id\":\"https:\\\/\\\/www.lolibri.fr\\\/#organization\",\"name\":\"Lolibri\",\"url\":\"https:\\\/\\\/www.lolibri.fr\\\/\",\"logo\":{\"@type\":\"ImageObject\",\"inLanguage\":\"fr-FR\",\"@id\":\"https:\\\/\\\/www.lolibri.fr\\\/#\\\/schema\\\/logo\\\/image\\\/\",\"url\":\"https:\\\/\\\/www.lolibri.fr\\\/wp-content\\\/uploads\\\/2022\\\/08\\\/cropped-logo-gris-2cm.png\",\"contentUrl\":\"https:\\\/\\\/www.lolibri.fr\\\/wp-content\\\/uploads\\\/2022\\\/08\\\/cropped-logo-gris-2cm.png\",\"width\":381,\"height\":233,\"caption\":\"Lolibri\"},\"image\":{\"@id\":\"https:\\\/\\\/www.lolibri.fr\\\/#\\\/schema\\\/logo\\\/image\\\/\"},\"sameAs\":[\"https:\\\/\\\/www.facebook.com\\\/lolibri.conseil\",\"https:\\\/\\\/www.linkedin.com\\\/company\\\/87092179\\\/\"]},{\"@type\":\"Person\",\"@id\":\"https:\\\/\\\/www.lolibri.fr\\\/#\\\/schema\\\/person\\\/9a3a28f54bd4fd90c9b98e04a41e74ff\",\"name\":\"Carole\",\"image\":{\"@type\":\"ImageObject\",\"inLanguage\":\"fr-FR\",\"@id\":\"https:\\\/\\\/secure.gravatar.com\\\/avatar\\\/59628fb04d649c2ac9b23caccd3413f658b318f7fc9240dd060dcf0c74ca884f?s=96&d=mm&r=g\",\"url\":\"https:\\\/\\\/secure.gravatar.com\\\/avatar\\\/59628fb04d649c2ac9b23caccd3413f658b318f7fc9240dd060dcf0c74ca884f?s=96&d=mm&r=g\",\"contentUrl\":\"https:\\\/\\\/secure.gravatar.com\\\/avatar\\\/59628fb04d649c2ac9b23caccd3413f658b318f7fc9240dd060dcf0c74ca884f?s=96&d=mm&r=g\",\"caption\":\"Carole\"},\"sameAs\":[\"http:\\\/\\\/sueczwn.cluster029.hosting.ovh.net\"],\"url\":\"https:\\\/\\\/www.lolibri.fr\\\/index.php\\\/author\\\/admin9988\\\/\"}]}<\/script>\n<!-- \/ Yoast SEO plugin. -->","yoast_head_json":{"title":"agroalimentaire et d\u00e9veloppement durable","description":"L'agroalimentaire est un secteur cl\u00e9 pour l'industrie fran\u00e7aise. Le d\u00e9veloppement durable est primordiale pour p\u00e9renniser le secteur.","robots":{"index":"index","follow":"follow","max-snippet":"max-snippet:-1","max-image-preview":"max-image-preview:large","max-video-preview":"max-video-preview:-1"},"canonical":"https:\/\/www.lolibri.fr\/index.php\/2022\/08\/22\/agroalimentaire-et-developpement-durable\/","og_locale":"fr_FR","og_type":"article","og_title":"agroalimentaire et d\u00e9veloppement durable","og_description":"L'agroalimentaire est un secteur cl\u00e9 pour l'industrie fran\u00e7aise. Le d\u00e9veloppement durable est primordiale pour p\u00e9renniser le secteur.","og_url":"https:\/\/www.lolibri.fr\/index.php\/2022\/08\/22\/agroalimentaire-et-developpement-durable\/","og_site_name":"Lolibri","article_publisher":"https:\/\/www.facebook.com\/lolibri.conseil","article_published_time":"2022-08-22T09:30:55+00:00","article_modified_time":"2023-02-10T09:47:07+00:00","og_image":[{"url":"http:\/\/www.lolibri.fr\/wp-content\/uploads\/2022\/08\/Eensemble-300x179.png","type":"","width":"","height":""}],"author":"Carole","twitter_card":"summary_large_image","twitter_misc":{"\u00c9crit par":"Carole","Dur\u00e9e de lecture estim\u00e9e":"3 minutes"},"schema":{"@context":"https:\/\/schema.org","@graph":[{"@type":"Article","@id":"https:\/\/www.lolibri.fr\/index.php\/2022\/08\/22\/agroalimentaire-et-developpement-durable\/#article","isPartOf":{"@id":"https:\/\/www.lolibri.fr\/index.php\/2022\/08\/22\/agroalimentaire-et-developpement-durable\/"},"author":{"name":"Carole","@id":"https:\/\/www.lolibri.fr\/#\/schema\/person\/9a3a28f54bd4fd90c9b98e04a41e74ff"},"headline":"IAA\u00a0: le d\u00e9veloppement durable, \u00e7a n\u2019est pas pour moi\u00a0!?","datePublished":"2022-08-22T09:30:55+00:00","dateModified":"2023-02-10T09:47:07+00:00","mainEntityOfPage":{"@id":"https:\/\/www.lolibri.fr\/index.php\/2022\/08\/22\/agroalimentaire-et-developpement-durable\/"},"wordCount":485,"commentCount":0,"publisher":{"@id":"https:\/\/www.lolibri.fr\/#organization"},"image":{"@id":"https:\/\/www.lolibri.fr\/index.php\/2022\/08\/22\/agroalimentaire-et-developpement-durable\/#primaryimage"},"thumbnailUrl":"http:\/\/www.lolibri.fr\/wp-content\/uploads\/2022\/08\/Eensemble-300x179.png","inLanguage":"fr-FR","potentialAction":[{"@type":"CommentAction","name":"Comment","target":["https:\/\/www.lolibri.fr\/index.php\/2022\/08\/22\/agroalimentaire-et-developpement-durable\/#respond"]}]},{"@type":"WebPage","@id":"https:\/\/www.lolibri.fr\/index.php\/2022\/08\/22\/agroalimentaire-et-developpement-durable\/","url":"https:\/\/www.lolibri.fr\/index.php\/2022\/08\/22\/agroalimentaire-et-developpement-durable\/","name":"agroalimentaire et d\u00e9veloppement durable","isPartOf":{"@id":"https:\/\/www.lolibri.fr\/#website"},"primaryImageOfPage":{"@id":"https:\/\/www.lolibri.fr\/index.php\/2022\/08\/22\/agroalimentaire-et-developpement-durable\/#primaryimage"},"image":{"@id":"https:\/\/www.lolibri.fr\/index.php\/2022\/08\/22\/agroalimentaire-et-developpement-durable\/#primaryimage"},"thumbnailUrl":"http:\/\/www.lolibri.fr\/wp-content\/uploads\/2022\/08\/Eensemble-300x179.png","datePublished":"2022-08-22T09:30:55+00:00","dateModified":"2023-02-10T09:47:07+00:00","description":"L'agroalimentaire est un secteur cl\u00e9 pour l'industrie fran\u00e7aise. Le d\u00e9veloppement durable est primordiale pour p\u00e9renniser le secteur.","breadcrumb":{"@id":"https:\/\/www.lolibri.fr\/index.php\/2022\/08\/22\/agroalimentaire-et-developpement-durable\/#breadcrumb"},"inLanguage":"fr-FR","potentialAction":[{"@type":"ReadAction","target":["https:\/\/www.lolibri.fr\/index.php\/2022\/08\/22\/agroalimentaire-et-developpement-durable\/"]}]},{"@type":"ImageObject","inLanguage":"fr-FR","@id":"https:\/\/www.lolibri.fr\/index.php\/2022\/08\/22\/agroalimentaire-et-developpement-durable\/#primaryimage","url":"https:\/\/www.lolibri.fr\/wp-content\/uploads\/2022\/08\/Eensemble.png","contentUrl":"https:\/\/www.lolibri.fr\/wp-content\/uploads\/2022\/08\/Eensemble.png","width":641,"height":383,"caption":"Le changement par tous et ensemble"},{"@type":"BreadcrumbList","@id":"https:\/\/www.lolibri.fr\/index.php\/2022\/08\/22\/agroalimentaire-et-developpement-durable\/#breadcrumb","itemListElement":[{"@type":"ListItem","position":1,"name":"Accueil","item":"https:\/\/www.lolibri.fr\/"},{"@type":"ListItem","position":2,"name":"IAA\u00a0: le d\u00e9veloppement durable, \u00e7a n\u2019est pas pour moi\u00a0!?"}]},{"@type":"WebSite","@id":"https:\/\/www.lolibri.fr\/#website","url":"https:\/\/www.lolibri.fr\/","name":"Lolibri","description":"La performance dans le bon sens.","publisher":{"@id":"https:\/\/www.lolibri.fr\/#organization"},"potentialAction":[{"@type":"SearchAction","target":{"@type":"EntryPoint","urlTemplate":"https:\/\/www.lolibri.fr\/?s={search_term_string}"},"query-input":{"@type":"PropertyValueSpecification","valueRequired":true,"valueName":"search_term_string"}}],"inLanguage":"fr-FR"},{"@type":"Organization","@id":"https:\/\/www.lolibri.fr\/#organization","name":"Lolibri","url":"https:\/\/www.lolibri.fr\/","logo":{"@type":"ImageObject","inLanguage":"fr-FR","@id":"https:\/\/www.lolibri.fr\/#\/schema\/logo\/image\/","url":"https:\/\/www.lolibri.fr\/wp-content\/uploads\/2022\/08\/cropped-logo-gris-2cm.png","contentUrl":"https:\/\/www.lolibri.fr\/wp-content\/uploads\/2022\/08\/cropped-logo-gris-2cm.png","width":381,"height":233,"caption":"Lolibri"},"image":{"@id":"https:\/\/www.lolibri.fr\/#\/schema\/logo\/image\/"},"sameAs":["https:\/\/www.facebook.com\/lolibri.conseil","https:\/\/www.linkedin.com\/company\/87092179\/"]},{"@type":"Person","@id":"https:\/\/www.lolibri.fr\/#\/schema\/person\/9a3a28f54bd4fd90c9b98e04a41e74ff","name":"Carole","image":{"@type":"ImageObject","inLanguage":"fr-FR","@id":"https:\/\/secure.gravatar.com\/avatar\/59628fb04d649c2ac9b23caccd3413f658b318f7fc9240dd060dcf0c74ca884f?s=96&d=mm&r=g","url":"https:\/\/secure.gravatar.com\/avatar\/59628fb04d649c2ac9b23caccd3413f658b318f7fc9240dd060dcf0c74ca884f?s=96&d=mm&r=g","contentUrl":"https:\/\/secure.gravatar.com\/avatar\/59628fb04d649c2ac9b23caccd3413f658b318f7fc9240dd060dcf0c74ca884f?s=96&d=mm&r=g","caption":"Carole"},"sameAs":["http:\/\/sueczwn.cluster029.hosting.ovh.net"],"url":"https:\/\/www.lolibri.fr\/index.php\/author\/admin9988\/"}]}},"_links":{"self":[{"href":"https:\/\/www.lolibri.fr\/index.php\/wp-json\/wp\/v2\/posts\/529","targetHints":{"allow":["GET"]}}],"collection":[{"href":"https:\/\/www.lolibri.fr\/index.php\/wp-json\/wp\/v2\/posts"}],"about":[{"href":"https:\/\/www.lolibri.fr\/index.php\/wp-json\/wp\/v2\/types\/post"}],"author":[{"embeddable":true,"href":"https:\/\/www.lolibri.fr\/index.php\/wp-json\/wp\/v2\/users\/1"}],"replies":[{"embeddable":true,"href":"https:\/\/www.lolibri.fr\/index.php\/wp-json\/wp\/v2\/comments?post=529"}],"version-history":[{"count":20,"href":"https:\/\/www.lolibri.fr\/index.php\/wp-json\/wp\/v2\/posts\/529\/revisions"}],"predecessor-version":[{"id":1558,"href":"https:\/\/www.lolibri.fr\/index.php\/wp-json\/wp\/v2\/posts\/529\/revisions\/1558"}],"wp:attachment":[{"href":"https:\/\/www.lolibri.fr\/index.php\/wp-json\/wp\/v2\/media?parent=529"}],"wp:term":[{"taxonomy":"category","embeddable":true,"href":"https:\/\/www.lolibri.fr\/index.php\/wp-json\/wp\/v2\/categories?post=529"},{"taxonomy":"post_tag","embeddable":true,"href":"https:\/\/www.lolibri.fr\/index.php\/wp-json\/wp\/v2\/tags?post=529"}],"curies":[{"name":"wp","href":"https:\/\/api.w.org\/{rel}","templated":true}]}}