{"id":1831,"date":"2023-07-28T09:21:04","date_gmt":"2023-07-28T07:21:04","guid":{"rendered":"https:\/\/www.lolibri.fr\/?p=1831"},"modified":"2023-09-07T22:01:45","modified_gmt":"2023-09-07T20:01:45","slug":"integration-dune-strategie-bas-carbone-dans-lentreprise","status":"publish","type":"post","link":"https:\/\/www.lolibri.fr\/index.php\/2023\/07\/28\/integration-dune-strategie-bas-carbone-dans-lentreprise\/","title":{"rendered":"Int\u00e9gration d&rsquo;une strat\u00e9gie Bas Carbone dans l&rsquo;entreprise"},"content":{"rendered":"\t\t<div data-elementor-type=\"wp-post\" data-elementor-id=\"1831\" class=\"elementor elementor-1831\">\n\t\t\t\t\t\t<section class=\"elementor-section elementor-top-section elementor-element elementor-element-4e7192d elementor-section-boxed elementor-section-height-default elementor-section-height-default\" data-id=\"4e7192d\" data-element_type=\"section\" data-e-type=\"section\">\n\t\t\t\t\t\t<div class=\"elementor-container elementor-column-gap-default\">\n\t\t\t\t\t<div class=\"elementor-column elementor-col-100 elementor-top-column elementor-element elementor-element-edeac3c\" data-id=\"edeac3c\" data-element_type=\"column\" data-e-type=\"column\">\n\t\t\t<div class=\"elementor-widget-wrap elementor-element-populated\">\n\t\t\t\t\t\t<div class=\"elementor-element elementor-element-2f2a10f elementor-widget elementor-widget-heading\" data-id=\"2f2a10f\" data-element_type=\"widget\" data-e-type=\"widget\" data-widget_type=\"heading.default\">\n\t\t\t\t<div class=\"elementor-widget-container\">\n\t\t\t\t\t<h2 class=\"elementor-heading-title elementor-size-default\">Int\u00e9gration d'une strat\u00e9gie Bas Carbone dans la Culture d'Entreprise : le r\u00f4le des leaders et des employ\u00e9s<\/h2>\t\t\t\t<\/div>\n\t\t\t\t<\/div>\n\t\t\t\t\t<\/div>\n\t\t<\/div>\n\t\t\t\t\t<\/div>\n\t\t<\/section>\n\t\t\t\t<section class=\"elementor-section elementor-top-section elementor-element elementor-element-cf4550b elementor-section-boxed elementor-section-height-default elementor-section-height-default\" data-id=\"cf4550b\" data-element_type=\"section\" data-e-type=\"section\">\n\t\t\t\t\t\t<div class=\"elementor-container elementor-column-gap-default\">\n\t\t\t\t\t<div class=\"elementor-column elementor-col-100 elementor-top-column elementor-element elementor-element-f34bf82\" data-id=\"f34bf82\" data-element_type=\"column\" data-e-type=\"column\">\n\t\t\t<div class=\"elementor-widget-wrap elementor-element-populated\">\n\t\t\t\t\t\t<div class=\"elementor-element elementor-element-63793ce elementor-widget elementor-widget-text-editor\" data-id=\"63793ce\" data-element_type=\"widget\" data-e-type=\"widget\" data-widget_type=\"text-editor.default\">\n\t\t\t\t<div class=\"elementor-widget-container\">\n\t\t\t\t\t\t\t\t\t<p>Dans la qu\u00eate d&rsquo;un avenir plus durable, les entreprises jouent un r\u00f4le essentiel dans la r\u00e9duction de leur empreinte carbone. Pour atteindre cet objectif, il est crucial d&rsquo;int\u00e9grer la strat\u00e9gie bas carbone dans la culture m\u00eame de l&rsquo;entreprise. Dans cet article, nous explorerons le r\u00f4le central que jouent \u00e0 la fois les leaders et les employ\u00e9s dans cette transition vers une approche plus respectueuse de l&rsquo;environnement.<\/p>\t\t\t\t\t\t\t\t<\/div>\n\t\t\t\t<\/div>\n\t\t\t\t\t<\/div>\n\t\t<\/div>\n\t\t\t\t\t<\/div>\n\t\t<\/section>\n\t\t\t\t<section class=\"elementor-section elementor-top-section elementor-element elementor-element-6c37835 elementor-section-boxed elementor-section-height-default elementor-section-height-default\" data-id=\"6c37835\" data-element_type=\"section\" data-e-type=\"section\">\n\t\t\t\t\t\t<div class=\"elementor-container elementor-column-gap-default\">\n\t\t\t\t\t<div class=\"elementor-column elementor-col-50 elementor-top-column elementor-element elementor-element-1b1c162\" data-id=\"1b1c162\" data-element_type=\"column\" data-e-type=\"column\">\n\t\t\t<div class=\"elementor-widget-wrap elementor-element-populated\">\n\t\t\t\t\t\t<div class=\"elementor-element elementor-element-7b68b17 elementor-widget elementor-widget-text-editor\" data-id=\"7b68b17\" data-element_type=\"widget\" data-e-type=\"widget\" data-widget_type=\"text-editor.default\">\n\t\t\t\t<div class=\"elementor-widget-container\">\n\t\t\t\t\t\t\t\t\t<h3>Leaders engag\u00e9s, employ\u00e9s inspir\u00e9s : un tandem gagnant<\/h3><p>Tout commence par l&rsquo;engagement des leaders. Les dirigeants d&rsquo;une entreprise sont les acteurs cl\u00e9s pour impulser le changement vers une culture bas carbone. En adoptant une approche proactive, ils envoient un message fort \u00e0 l&rsquo;ensemble de l&rsquo;organisation. Les objectifs environnementaux doivent \u00eatre clairement d\u00e9finis et communiqu\u00e9s de mani\u00e8re transparente \u00e0 tous les niveaux.<\/p><h3>Exemplarit\u00e9 en action : les leaders montrent la voie<\/h3><p>Les leaders doivent \u00eatre exemplaires dans leurs propres pratiques environnementales. Qu&rsquo;il s&rsquo;agisse de l&rsquo;utilisation de transports durables ou de la gestion \u00e9conome de l&rsquo;\u00e9nergie, ils doivent incarner les valeurs qu&rsquo;ils souhaitent promouvoir au sein de l&rsquo;entreprise. Cette coh\u00e9rence entre les paroles et les actes renforce la cr\u00e9dibilit\u00e9 de la d\u00e9marche bas carbone.<\/p><h3>RSE et strat\u00e9gie Bas Carbone<\/h3><p>La responsabilit\u00e9 sociale des entreprises (RSE) et la strat\u00e9gie bas carbone sont \u00e9troitement li\u00e9es. Les entreprises les plus performantes int\u00e8grent ces deux aspects de mani\u00e8re coh\u00e9rente. Les leaders doivent positionner la r\u00e9duction des \u00e9missions de carbone comme un axe central de la RSE. Cela implique de prendre en compte les impacts environnementaux tout au long de la cha\u00eene de valeur de l&rsquo;entreprise.<\/p><h3>Formation et sensibilisation : des outils indispensables<\/h3><p>La formation et la sensibilisation sont des leviers puissants pour permettre aux employ\u00e9s de comprendre l&rsquo;importance de leur r\u00f4le dans la r\u00e9duction des \u00e9missions de carbone. Des ateliers, des s\u00e9minaires et des formations en ligne peuvent aider \u00e0 transmettre les connaissances et les comp\u00e9tences n\u00e9cessaires pour int\u00e9grer la strat\u00e9gie bas carbone dans leur quotidien professionnel.<\/p>\t\t\t\t\t\t\t\t<\/div>\n\t\t\t\t<\/div>\n\t\t\t\t\t<\/div>\n\t\t<\/div>\n\t\t\t\t<div class=\"elementor-column elementor-col-50 elementor-top-column elementor-element elementor-element-f654996\" data-id=\"f654996\" data-element_type=\"column\" data-e-type=\"column\">\n\t\t\t<div class=\"elementor-widget-wrap elementor-element-populated\">\n\t\t\t\t\t\t<div class=\"elementor-element elementor-element-ce7ab1e elementor-widget elementor-widget-text-editor\" data-id=\"ce7ab1e\" data-element_type=\"widget\" data-e-type=\"widget\" data-widget_type=\"text-editor.default\">\n\t\t\t\t<div class=\"elementor-widget-container\">\n\t\t\t\t\t\t\t\t\t<h3>Implication de tous les employ\u00e9s : un moteur de changement<\/h3><p>Le r\u00f4le des employ\u00e9s est tout aussi crucial. Une culture d&rsquo;entreprise bas carbone ne peut \u00eatre instaur\u00e9e que si chaque membre du personnel se sent concern\u00e9 et impliqu\u00e9. Les entreprises doivent encourager une participation active de tous les collaborateurs, en les sensibilisant aux enjeux environnementaux et en les informant des actions concr\u00e8tes mises en place.<\/p><h3>Encourager l&rsquo;innovation et l&rsquo;initiative individuelle<\/h3><p>Les entreprises doivent encourager l&rsquo;innovation et l&rsquo;initiative individuelle en mati\u00e8re de r\u00e9duction de l&#8217;empreinte carbone. Les id\u00e9es novatrices \u00e9manant des employ\u00e9s peuvent apporter des solutions inattendues et pertinentes. Reconna\u00eetre et r\u00e9compenser les initiatives respectueuses de l&rsquo;environnement renforce l&rsquo;engagement des employ\u00e9s.<\/p><h3>Mesurer et c\u00e9l\u00e9brer les progr\u00e8s r\u00e9alis\u00e9s<\/h3><p>La mesure des progr\u00e8s accomplis est essentielle pour \u00e9valuer l&rsquo;efficacit\u00e9 des efforts d\u00e9ploy\u00e9s. Les entreprises doivent \u00e9tablir des indicateurs cl\u00e9s de performance environnementale et suivre r\u00e9guli\u00e8rement les r\u00e9sultats obtenus. C\u00e9l\u00e9brer les r\u00e9ussites encourageantes stimule la motivation et renforce la coh\u00e9sion au sein de l&rsquo;entreprise.<\/p>\t\t\t\t\t\t\t\t<\/div>\n\t\t\t\t<\/div>\n\t\t\t\t\t<\/div>\n\t\t<\/div>\n\t\t\t\t\t<\/div>\n\t\t<\/section>\n\t\t\t\t<section class=\"elementor-section elementor-top-section elementor-element elementor-element-94c119d elementor-section-boxed elementor-section-height-default elementor-section-height-default\" data-id=\"94c119d\" data-element_type=\"section\" data-e-type=\"section\">\n\t\t\t\t\t\t<div class=\"elementor-container elementor-column-gap-default\">\n\t\t\t\t\t<div class=\"elementor-column elementor-col-100 elementor-top-column elementor-element elementor-element-3f1f396\" data-id=\"3f1f396\" data-element_type=\"column\" data-e-type=\"column\">\n\t\t\t<div class=\"elementor-widget-wrap elementor-element-populated\">\n\t\t\t\t\t\t<div class=\"elementor-element elementor-element-3e61f45 elementor-widget elementor-widget-image\" data-id=\"3e61f45\" data-element_type=\"widget\" data-e-type=\"widget\" data-widget_type=\"image.default\">\n\t\t\t\t<div class=\"elementor-widget-container\">\n\t\t\t\t\t\t\t\t\t\t\t\t\t\t\t<img fetchpriority=\"high\" decoding=\"async\" width=\"768\" height=\"468\" src=\"https:\/\/www.lolibri.fr\/wp-content\/uploads\/2023\/07\/baisse-CO2-768x468.jpg\" class=\"attachment-medium_large size-medium_large wp-image-1834\" alt=\"strat\u00e9gie bas carbone des entreprises\" srcset=\"https:\/\/www.lolibri.fr\/wp-content\/uploads\/2023\/07\/baisse-CO2-768x468.jpg 768w, https:\/\/www.lolibri.fr\/wp-content\/uploads\/2023\/07\/baisse-CO2-300x183.jpg 300w, https:\/\/www.lolibri.fr\/wp-content\/uploads\/2023\/07\/baisse-CO2.jpg 1000w\" sizes=\"(max-width: 768px) 100vw, 768px\" \/>\t\t\t\t\t\t\t\t\t\t\t\t\t\t\t<\/div>\n\t\t\t\t<\/div>\n\t\t\t\t\t<\/div>\n\t\t<\/div>\n\t\t\t\t\t<\/div>\n\t\t<\/section>\n\t\t\t\t<section class=\"elementor-section elementor-top-section elementor-element elementor-element-e95ac98 elementor-section-boxed elementor-section-height-default elementor-section-height-default\" data-id=\"e95ac98\" data-element_type=\"section\" data-e-type=\"section\">\n\t\t\t\t\t\t<div class=\"elementor-container elementor-column-gap-default\">\n\t\t\t\t\t<div class=\"elementor-column elementor-col-100 elementor-top-column elementor-element elementor-element-4fd6d0c\" data-id=\"4fd6d0c\" data-element_type=\"column\" data-e-type=\"column\">\n\t\t\t<div class=\"elementor-widget-wrap elementor-element-populated\">\n\t\t\t\t\t\t<div class=\"elementor-element elementor-element-0db045d elementor-widget elementor-widget-text-editor\" data-id=\"0db045d\" data-element_type=\"widget\" data-e-type=\"widget\" data-widget_type=\"text-editor.default\">\n\t\t\t\t<div class=\"elementor-widget-container\">\n\t\t\t\t\t\t\t\t\t<p>Pour conclure, l&rsquo;int\u00e9gration d&rsquo;une strat\u00e9gie bas carbone dans la culture d&rsquo;entreprise est un processus qui n\u00e9cessite l&rsquo;engagement ferme des leaders et la participation active de tous les employ\u00e9s. Ensemble, ils peuvent cr\u00e9er une culture durable o\u00f9 la responsabilit\u00e9 environnementale est au c\u0153ur de chaque d\u00e9cision. En adoptant cette approche, les entreprises contribuent positivement \u00e0 la lutte contre le changement climatique et jouent un r\u00f4le cl\u00e9 dans la construction d&rsquo;un avenir plus respectueux de l&rsquo;environnement.<\/p>\t\t\t\t\t\t\t\t<\/div>\n\t\t\t\t<\/div>\n\t\t\t\t\t<\/div>\n\t\t<\/div>\n\t\t\t\t\t<\/div>\n\t\t<\/section>\n\t\t\t\t<section class=\"elementor-section elementor-top-section elementor-element elementor-element-51826c4 elementor-section-boxed elementor-section-height-default elementor-section-height-default\" data-id=\"51826c4\" data-element_type=\"section\" data-e-type=\"section\">\n\t\t\t\t\t\t<div class=\"elementor-container elementor-column-gap-default\">\n\t\t\t\t\t<div class=\"elementor-column elementor-col-50 elementor-top-column elementor-element elementor-element-8cd586c\" data-id=\"8cd586c\" data-element_type=\"column\" data-e-type=\"column\">\n\t\t\t<div class=\"elementor-widget-wrap elementor-element-populated\">\n\t\t\t\t\t\t<div class=\"elementor-element elementor-element-ad0c097 elementor-widget elementor-widget-text-editor\" data-id=\"ad0c097\" data-element_type=\"widget\" data-e-type=\"widget\" data-widget_type=\"text-editor.default\">\n\t\t\t\t<div class=\"elementor-widget-container\">\n\t\t\t\t\t\t\t\t\t<p><span style=\"font-family: Roboto, sans-serif; font-size: 15px; font-style: normal; font-variant-ligatures: normal; font-variant-caps: normal; font-weight: 400;\">Vous souhaitez \u00eatre accompagn\u00e9.e dans votre strat\u00e9gie bas carbone ? Lolibri vous propose la m\u00e9thode bilan Carbone<\/span>\u00ae.<\/p>\t\t\t\t\t\t\t\t<\/div>\n\t\t\t\t<\/div>\n\t\t\t\t\t<\/div>\n\t\t<\/div>\n\t\t\t\t<div class=\"elementor-column elementor-col-50 elementor-top-column elementor-element elementor-element-4c92eb8\" data-id=\"4c92eb8\" data-element_type=\"column\" data-e-type=\"column\">\n\t\t\t<div class=\"elementor-widget-wrap elementor-element-populated\">\n\t\t\t\t\t\t<div class=\"elementor-element elementor-element-39807e4 elementor-align-center elementor-widget elementor-widget-button\" data-id=\"39807e4\" data-element_type=\"widget\" data-e-type=\"widget\" data-widget_type=\"button.default\">\n\t\t\t\t<div class=\"elementor-widget-container\">\n\t\t\t\t\t\t\t\t\t<div class=\"elementor-button-wrapper\">\n\t\t\t\t\t<a class=\"elementor-button elementor-button-link elementor-size-sm\" href=\"https:\/\/www.lolibri.fr\/index.php\/contactez-lolibri\/\">\n\t\t\t\t\t\t<span class=\"elementor-button-content-wrapper\">\n\t\t\t\t\t\t\t\t\t<span class=\"elementor-button-text\">Contacter Lolibri<\/span>\n\t\t\t\t\t<\/span>\n\t\t\t\t\t<\/a>\n\t\t\t\t<\/div>\n\t\t\t\t\t\t\t\t<\/div>\n\t\t\t\t<\/div>\n\t\t\t\t\t<\/div>\n\t\t<\/div>\n\t\t\t\t\t<\/div>\n\t\t<\/section>\n\t\t\t\t<\/div>\n\t\t","protected":false},"excerpt":{"rendered":"<p>Int\u00e9gration d&rsquo;une strat\u00e9gie Bas Carbone dans la Culture d&rsquo;Entreprise : le r\u00f4le des leaders et des employ\u00e9s Dans la qu\u00eate d&rsquo;un avenir plus durable, les entreprises jouent un r\u00f4le essentiel dans la r\u00e9duction de leur empreinte carbone. Pour atteindre cet objectif, il est crucial d&rsquo;int\u00e9grer la strat\u00e9gie bas carbone dans la culture m\u00eame de l&rsquo;entreprise. [&hellip;]<\/p>\n","protected":false},"author":1,"featured_media":0,"comment_status":"open","ping_status":"open","sticky":false,"template":"","format":"standard","meta":{"ocean_post_layout":"","ocean_both_sidebars_style":"","ocean_both_sidebars_content_width":0,"ocean_both_sidebars_sidebars_width":0,"ocean_sidebar":"","ocean_second_sidebar":"","ocean_disable_margins":"enable","ocean_add_body_class":"","ocean_shortcode_before_top_bar":"","ocean_shortcode_after_top_bar":"","ocean_shortcode_before_header":"","ocean_shortcode_after_header":"","ocean_has_shortcode":"","ocean_shortcode_after_title":"","ocean_shortcode_before_footer_widgets":"","ocean_shortcode_after_footer_widgets":"","ocean_shortcode_before_footer_bottom":"","ocean_shortcode_after_footer_bottom":"","ocean_display_top_bar":"default","ocean_display_header":"default","ocean_header_style":"","ocean_center_header_left_menu":"","ocean_custom_header_template":"","ocean_custom_logo":0,"ocean_custom_retina_logo":0,"ocean_custom_logo_max_width":0,"ocean_custom_logo_tablet_max_width":0,"ocean_custom_logo_mobile_max_width":0,"ocean_custom_logo_max_height":0,"ocean_custom_logo_tablet_max_height":0,"ocean_custom_logo_mobile_max_height":0,"ocean_header_custom_menu":"","ocean_menu_typo_font_family":"","ocean_menu_typo_font_subset":"","ocean_menu_typo_font_size":0,"ocean_menu_typo_font_size_tablet":0,"ocean_menu_typo_font_size_mobile":0,"ocean_menu_typo_font_size_unit":"px","ocean_menu_typo_font_weight":"","ocean_menu_typo_font_weight_tablet":"","ocean_menu_typo_font_weight_mobile":"","ocean_menu_typo_transform":"","ocean_menu_typo_transform_tablet":"","ocean_menu_typo_transform_mobile":"","ocean_menu_typo_line_height":0,"ocean_menu_typo_line_height_tablet":0,"ocean_menu_typo_line_height_mobile":0,"ocean_menu_typo_line_height_unit":"","ocean_menu_typo_spacing":0,"ocean_menu_typo_spacing_tablet":0,"ocean_menu_typo_spacing_mobile":0,"ocean_menu_typo_spacing_unit":"","ocean_menu_link_color":"","ocean_menu_link_color_hover":"","ocean_menu_link_color_active":"","ocean_menu_link_background":"","ocean_menu_link_hover_background":"","ocean_menu_link_active_background":"","ocean_menu_social_links_bg":"","ocean_menu_social_hover_links_bg":"","ocean_menu_social_links_color":"","ocean_menu_social_hover_links_color":"","ocean_disable_title":"default","ocean_disable_heading":"default","ocean_post_title":"","ocean_post_subheading":"","ocean_post_title_style":"","ocean_post_title_background_color":"","ocean_post_title_background":0,"ocean_post_title_bg_image_position":"","ocean_post_title_bg_image_attachment":"","ocean_post_title_bg_image_repeat":"","ocean_post_title_bg_image_size":"","ocean_post_title_height":0,"ocean_post_title_bg_overlay":0.5,"ocean_post_title_bg_overlay_color":"","ocean_disable_breadcrumbs":"default","ocean_breadcrumbs_color":"","ocean_breadcrumbs_separator_color":"","ocean_breadcrumbs_links_color":"","ocean_breadcrumbs_links_hover_color":"","ocean_display_footer_widgets":"default","ocean_display_footer_bottom":"default","ocean_custom_footer_template":"","ocean_post_oembed":"","ocean_post_self_hosted_media":"","ocean_post_video_embed":"","ocean_link_format":"","ocean_link_format_target":"self","ocean_quote_format":"","ocean_quote_format_link":"post","ocean_gallery_link_images":"on","ocean_gallery_id":[],"footnotes":""},"categories":[1],"tags":[],"class_list":["post-1831","post","type-post","status-publish","format-standard","hentry","category-non-classe","entry"],"yoast_head":"<!-- This site is optimized with the Yoast SEO plugin v27.4 - https:\/\/yoast.com\/product\/yoast-seo-wordpress\/ -->\n<title>Int\u00e9gration d&#039;une strat\u00e9gie Bas Carbone dans l&#039;entreprise - Lolibri<\/title>\n<meta name=\"description\" content=\"Leaders engag\u00e9s, employ\u00e9s inspir\u00e9s : Ensemble vers une entreprise bas carbone, une d\u00e9marche qui fa\u00e7onne l&#039;avenir durable de demain !\" \/>\n<meta name=\"robots\" content=\"index, follow, max-snippet:-1, max-image-preview:large, max-video-preview:-1\" \/>\n<link rel=\"canonical\" href=\"https:\/\/www.lolibri.fr\/index.php\/2023\/07\/28\/integration-dune-strategie-bas-carbone-dans-lentreprise\/\" \/>\n<meta property=\"og:locale\" content=\"fr_FR\" \/>\n<meta property=\"og:type\" content=\"article\" \/>\n<meta property=\"og:title\" content=\"Int\u00e9gration d&#039;une strat\u00e9gie Bas Carbone dans l&#039;entreprise - Lolibri\" \/>\n<meta property=\"og:description\" content=\"Leaders engag\u00e9s, employ\u00e9s inspir\u00e9s : Ensemble vers une entreprise bas carbone, une d\u00e9marche qui fa\u00e7onne l&#039;avenir durable de demain !\" \/>\n<meta property=\"og:url\" content=\"https:\/\/www.lolibri.fr\/index.php\/2023\/07\/28\/integration-dune-strategie-bas-carbone-dans-lentreprise\/\" \/>\n<meta property=\"og:site_name\" content=\"Lolibri\" \/>\n<meta property=\"article:publisher\" content=\"https:\/\/www.facebook.com\/lolibri.conseil\" \/>\n<meta property=\"article:published_time\" content=\"2023-07-28T07:21:04+00:00\" \/>\n<meta property=\"article:modified_time\" content=\"2023-09-07T20:01:45+00:00\" \/>\n<meta property=\"og:image\" content=\"http:\/\/www.lolibri.fr\/wp-content\/uploads\/2023\/07\/baisse-CO2-768x468.jpg\" \/>\n<meta name=\"author\" content=\"Carole\" \/>\n<meta name=\"twitter:card\" content=\"summary_large_image\" \/>\n<meta name=\"twitter:label1\" content=\"\u00c9crit par\" \/>\n\t<meta name=\"twitter:data1\" content=\"Carole\" \/>\n\t<meta name=\"twitter:label2\" content=\"Dur\u00e9e de lecture estim\u00e9e\" \/>\n\t<meta name=\"twitter:data2\" content=\"4 minutes\" \/>\n<script type=\"application\/ld+json\" class=\"yoast-schema-graph\">{\"@context\":\"https:\\\/\\\/schema.org\",\"@graph\":[{\"@type\":\"Article\",\"@id\":\"https:\\\/\\\/www.lolibri.fr\\\/index.php\\\/2023\\\/07\\\/28\\\/integration-dune-strategie-bas-carbone-dans-lentreprise\\\/#article\",\"isPartOf\":{\"@id\":\"https:\\\/\\\/www.lolibri.fr\\\/index.php\\\/2023\\\/07\\\/28\\\/integration-dune-strategie-bas-carbone-dans-lentreprise\\\/\"},\"author\":{\"name\":\"Carole\",\"@id\":\"https:\\\/\\\/www.lolibri.fr\\\/#\\\/schema\\\/person\\\/9a3a28f54bd4fd90c9b98e04a41e74ff\"},\"headline\":\"Int\u00e9gration d&rsquo;une strat\u00e9gie Bas Carbone dans l&rsquo;entreprise\",\"datePublished\":\"2023-07-28T07:21:04+00:00\",\"dateModified\":\"2023-09-07T20:01:45+00:00\",\"mainEntityOfPage\":{\"@id\":\"https:\\\/\\\/www.lolibri.fr\\\/index.php\\\/2023\\\/07\\\/28\\\/integration-dune-strategie-bas-carbone-dans-lentreprise\\\/\"},\"wordCount\":698,\"commentCount\":0,\"publisher\":{\"@id\":\"https:\\\/\\\/www.lolibri.fr\\\/#organization\"},\"image\":{\"@id\":\"https:\\\/\\\/www.lolibri.fr\\\/index.php\\\/2023\\\/07\\\/28\\\/integration-dune-strategie-bas-carbone-dans-lentreprise\\\/#primaryimage\"},\"thumbnailUrl\":\"http:\\\/\\\/www.lolibri.fr\\\/wp-content\\\/uploads\\\/2023\\\/07\\\/baisse-CO2-768x468.jpg\",\"inLanguage\":\"fr-FR\",\"potentialAction\":[{\"@type\":\"CommentAction\",\"name\":\"Comment\",\"target\":[\"https:\\\/\\\/www.lolibri.fr\\\/index.php\\\/2023\\\/07\\\/28\\\/integration-dune-strategie-bas-carbone-dans-lentreprise\\\/#respond\"]}]},{\"@type\":\"WebPage\",\"@id\":\"https:\\\/\\\/www.lolibri.fr\\\/index.php\\\/2023\\\/07\\\/28\\\/integration-dune-strategie-bas-carbone-dans-lentreprise\\\/\",\"url\":\"https:\\\/\\\/www.lolibri.fr\\\/index.php\\\/2023\\\/07\\\/28\\\/integration-dune-strategie-bas-carbone-dans-lentreprise\\\/\",\"name\":\"Int\u00e9gration d'une strat\u00e9gie Bas Carbone dans l'entreprise - Lolibri\",\"isPartOf\":{\"@id\":\"https:\\\/\\\/www.lolibri.fr\\\/#website\"},\"primaryImageOfPage\":{\"@id\":\"https:\\\/\\\/www.lolibri.fr\\\/index.php\\\/2023\\\/07\\\/28\\\/integration-dune-strategie-bas-carbone-dans-lentreprise\\\/#primaryimage\"},\"image\":{\"@id\":\"https:\\\/\\\/www.lolibri.fr\\\/index.php\\\/2023\\\/07\\\/28\\\/integration-dune-strategie-bas-carbone-dans-lentreprise\\\/#primaryimage\"},\"thumbnailUrl\":\"http:\\\/\\\/www.lolibri.fr\\\/wp-content\\\/uploads\\\/2023\\\/07\\\/baisse-CO2-768x468.jpg\",\"datePublished\":\"2023-07-28T07:21:04+00:00\",\"dateModified\":\"2023-09-07T20:01:45+00:00\",\"description\":\"Leaders engag\u00e9s, employ\u00e9s inspir\u00e9s : Ensemble vers une entreprise bas carbone, une d\u00e9marche qui fa\u00e7onne l'avenir durable de demain !\",\"breadcrumb\":{\"@id\":\"https:\\\/\\\/www.lolibri.fr\\\/index.php\\\/2023\\\/07\\\/28\\\/integration-dune-strategie-bas-carbone-dans-lentreprise\\\/#breadcrumb\"},\"inLanguage\":\"fr-FR\",\"potentialAction\":[{\"@type\":\"ReadAction\",\"target\":[\"https:\\\/\\\/www.lolibri.fr\\\/index.php\\\/2023\\\/07\\\/28\\\/integration-dune-strategie-bas-carbone-dans-lentreprise\\\/\"]}]},{\"@type\":\"ImageObject\",\"inLanguage\":\"fr-FR\",\"@id\":\"https:\\\/\\\/www.lolibri.fr\\\/index.php\\\/2023\\\/07\\\/28\\\/integration-dune-strategie-bas-carbone-dans-lentreprise\\\/#primaryimage\",\"url\":\"http:\\\/\\\/www.lolibri.fr\\\/wp-content\\\/uploads\\\/2023\\\/07\\\/baisse-CO2-768x468.jpg\",\"contentUrl\":\"http:\\\/\\\/www.lolibri.fr\\\/wp-content\\\/uploads\\\/2023\\\/07\\\/baisse-CO2-768x468.jpg\"},{\"@type\":\"BreadcrumbList\",\"@id\":\"https:\\\/\\\/www.lolibri.fr\\\/index.php\\\/2023\\\/07\\\/28\\\/integration-dune-strategie-bas-carbone-dans-lentreprise\\\/#breadcrumb\",\"itemListElement\":[{\"@type\":\"ListItem\",\"position\":1,\"name\":\"Accueil\",\"item\":\"https:\\\/\\\/www.lolibri.fr\\\/\"},{\"@type\":\"ListItem\",\"position\":2,\"name\":\"Int\u00e9gration d&rsquo;une strat\u00e9gie Bas Carbone dans l&rsquo;entreprise\"}]},{\"@type\":\"WebSite\",\"@id\":\"https:\\\/\\\/www.lolibri.fr\\\/#website\",\"url\":\"https:\\\/\\\/www.lolibri.fr\\\/\",\"name\":\"Lolibri\",\"description\":\"La performance dans le bon sens.\",\"publisher\":{\"@id\":\"https:\\\/\\\/www.lolibri.fr\\\/#organization\"},\"potentialAction\":[{\"@type\":\"SearchAction\",\"target\":{\"@type\":\"EntryPoint\",\"urlTemplate\":\"https:\\\/\\\/www.lolibri.fr\\\/?s={search_term_string}\"},\"query-input\":{\"@type\":\"PropertyValueSpecification\",\"valueRequired\":true,\"valueName\":\"search_term_string\"}}],\"inLanguage\":\"fr-FR\"},{\"@type\":\"Organization\",\"@id\":\"https:\\\/\\\/www.lolibri.fr\\\/#organization\",\"name\":\"Lolibri\",\"url\":\"https:\\\/\\\/www.lolibri.fr\\\/\",\"logo\":{\"@type\":\"ImageObject\",\"inLanguage\":\"fr-FR\",\"@id\":\"https:\\\/\\\/www.lolibri.fr\\\/#\\\/schema\\\/logo\\\/image\\\/\",\"url\":\"https:\\\/\\\/www.lolibri.fr\\\/wp-content\\\/uploads\\\/2022\\\/08\\\/cropped-logo-gris-2cm.png\",\"contentUrl\":\"https:\\\/\\\/www.lolibri.fr\\\/wp-content\\\/uploads\\\/2022\\\/08\\\/cropped-logo-gris-2cm.png\",\"width\":381,\"height\":233,\"caption\":\"Lolibri\"},\"image\":{\"@id\":\"https:\\\/\\\/www.lolibri.fr\\\/#\\\/schema\\\/logo\\\/image\\\/\"},\"sameAs\":[\"https:\\\/\\\/www.facebook.com\\\/lolibri.conseil\",\"https:\\\/\\\/www.linkedin.com\\\/company\\\/87092179\\\/\"]},{\"@type\":\"Person\",\"@id\":\"https:\\\/\\\/www.lolibri.fr\\\/#\\\/schema\\\/person\\\/9a3a28f54bd4fd90c9b98e04a41e74ff\",\"name\":\"Carole\",\"image\":{\"@type\":\"ImageObject\",\"inLanguage\":\"fr-FR\",\"@id\":\"https:\\\/\\\/secure.gravatar.com\\\/avatar\\\/59628fb04d649c2ac9b23caccd3413f658b318f7fc9240dd060dcf0c74ca884f?s=96&d=mm&r=g\",\"url\":\"https:\\\/\\\/secure.gravatar.com\\\/avatar\\\/59628fb04d649c2ac9b23caccd3413f658b318f7fc9240dd060dcf0c74ca884f?s=96&d=mm&r=g\",\"contentUrl\":\"https:\\\/\\\/secure.gravatar.com\\\/avatar\\\/59628fb04d649c2ac9b23caccd3413f658b318f7fc9240dd060dcf0c74ca884f?s=96&d=mm&r=g\",\"caption\":\"Carole\"},\"sameAs\":[\"http:\\\/\\\/sueczwn.cluster029.hosting.ovh.net\"],\"url\":\"https:\\\/\\\/www.lolibri.fr\\\/index.php\\\/author\\\/admin9988\\\/\"}]}<\/script>\n<!-- \/ Yoast SEO plugin. -->","yoast_head_json":{"title":"Int\u00e9gration d'une strat\u00e9gie Bas Carbone dans l'entreprise - Lolibri","description":"Leaders engag\u00e9s, employ\u00e9s inspir\u00e9s : Ensemble vers une entreprise bas carbone, une d\u00e9marche qui fa\u00e7onne l'avenir durable de demain !","robots":{"index":"index","follow":"follow","max-snippet":"max-snippet:-1","max-image-preview":"max-image-preview:large","max-video-preview":"max-video-preview:-1"},"canonical":"https:\/\/www.lolibri.fr\/index.php\/2023\/07\/28\/integration-dune-strategie-bas-carbone-dans-lentreprise\/","og_locale":"fr_FR","og_type":"article","og_title":"Int\u00e9gration d'une strat\u00e9gie Bas Carbone dans l'entreprise - Lolibri","og_description":"Leaders engag\u00e9s, employ\u00e9s inspir\u00e9s : Ensemble vers une entreprise bas carbone, une d\u00e9marche qui fa\u00e7onne l'avenir durable de demain !","og_url":"https:\/\/www.lolibri.fr\/index.php\/2023\/07\/28\/integration-dune-strategie-bas-carbone-dans-lentreprise\/","og_site_name":"Lolibri","article_publisher":"https:\/\/www.facebook.com\/lolibri.conseil","article_published_time":"2023-07-28T07:21:04+00:00","article_modified_time":"2023-09-07T20:01:45+00:00","og_image":[{"url":"http:\/\/www.lolibri.fr\/wp-content\/uploads\/2023\/07\/baisse-CO2-768x468.jpg","type":"","width":"","height":""}],"author":"Carole","twitter_card":"summary_large_image","twitter_misc":{"\u00c9crit par":"Carole","Dur\u00e9e de lecture estim\u00e9e":"4 minutes"},"schema":{"@context":"https:\/\/schema.org","@graph":[{"@type":"Article","@id":"https:\/\/www.lolibri.fr\/index.php\/2023\/07\/28\/integration-dune-strategie-bas-carbone-dans-lentreprise\/#article","isPartOf":{"@id":"https:\/\/www.lolibri.fr\/index.php\/2023\/07\/28\/integration-dune-strategie-bas-carbone-dans-lentreprise\/"},"author":{"name":"Carole","@id":"https:\/\/www.lolibri.fr\/#\/schema\/person\/9a3a28f54bd4fd90c9b98e04a41e74ff"},"headline":"Int\u00e9gration d&rsquo;une strat\u00e9gie Bas Carbone dans l&rsquo;entreprise","datePublished":"2023-07-28T07:21:04+00:00","dateModified":"2023-09-07T20:01:45+00:00","mainEntityOfPage":{"@id":"https:\/\/www.lolibri.fr\/index.php\/2023\/07\/28\/integration-dune-strategie-bas-carbone-dans-lentreprise\/"},"wordCount":698,"commentCount":0,"publisher":{"@id":"https:\/\/www.lolibri.fr\/#organization"},"image":{"@id":"https:\/\/www.lolibri.fr\/index.php\/2023\/07\/28\/integration-dune-strategie-bas-carbone-dans-lentreprise\/#primaryimage"},"thumbnailUrl":"http:\/\/www.lolibri.fr\/wp-content\/uploads\/2023\/07\/baisse-CO2-768x468.jpg","inLanguage":"fr-FR","potentialAction":[{"@type":"CommentAction","name":"Comment","target":["https:\/\/www.lolibri.fr\/index.php\/2023\/07\/28\/integration-dune-strategie-bas-carbone-dans-lentreprise\/#respond"]}]},{"@type":"WebPage","@id":"https:\/\/www.lolibri.fr\/index.php\/2023\/07\/28\/integration-dune-strategie-bas-carbone-dans-lentreprise\/","url":"https:\/\/www.lolibri.fr\/index.php\/2023\/07\/28\/integration-dune-strategie-bas-carbone-dans-lentreprise\/","name":"Int\u00e9gration d'une strat\u00e9gie Bas Carbone dans l'entreprise - Lolibri","isPartOf":{"@id":"https:\/\/www.lolibri.fr\/#website"},"primaryImageOfPage":{"@id":"https:\/\/www.lolibri.fr\/index.php\/2023\/07\/28\/integration-dune-strategie-bas-carbone-dans-lentreprise\/#primaryimage"},"image":{"@id":"https:\/\/www.lolibri.fr\/index.php\/2023\/07\/28\/integration-dune-strategie-bas-carbone-dans-lentreprise\/#primaryimage"},"thumbnailUrl":"http:\/\/www.lolibri.fr\/wp-content\/uploads\/2023\/07\/baisse-CO2-768x468.jpg","datePublished":"2023-07-28T07:21:04+00:00","dateModified":"2023-09-07T20:01:45+00:00","description":"Leaders engag\u00e9s, employ\u00e9s inspir\u00e9s : Ensemble vers une entreprise bas carbone, une d\u00e9marche qui fa\u00e7onne l'avenir durable de demain !","breadcrumb":{"@id":"https:\/\/www.lolibri.fr\/index.php\/2023\/07\/28\/integration-dune-strategie-bas-carbone-dans-lentreprise\/#breadcrumb"},"inLanguage":"fr-FR","potentialAction":[{"@type":"ReadAction","target":["https:\/\/www.lolibri.fr\/index.php\/2023\/07\/28\/integration-dune-strategie-bas-carbone-dans-lentreprise\/"]}]},{"@type":"ImageObject","inLanguage":"fr-FR","@id":"https:\/\/www.lolibri.fr\/index.php\/2023\/07\/28\/integration-dune-strategie-bas-carbone-dans-lentreprise\/#primaryimage","url":"http:\/\/www.lolibri.fr\/wp-content\/uploads\/2023\/07\/baisse-CO2-768x468.jpg","contentUrl":"http:\/\/www.lolibri.fr\/wp-content\/uploads\/2023\/07\/baisse-CO2-768x468.jpg"},{"@type":"BreadcrumbList","@id":"https:\/\/www.lolibri.fr\/index.php\/2023\/07\/28\/integration-dune-strategie-bas-carbone-dans-lentreprise\/#breadcrumb","itemListElement":[{"@type":"ListItem","position":1,"name":"Accueil","item":"https:\/\/www.lolibri.fr\/"},{"@type":"ListItem","position":2,"name":"Int\u00e9gration d&rsquo;une strat\u00e9gie Bas Carbone dans l&rsquo;entreprise"}]},{"@type":"WebSite","@id":"https:\/\/www.lolibri.fr\/#website","url":"https:\/\/www.lolibri.fr\/","name":"Lolibri","description":"La performance dans le bon sens.","publisher":{"@id":"https:\/\/www.lolibri.fr\/#organization"},"potentialAction":[{"@type":"SearchAction","target":{"@type":"EntryPoint","urlTemplate":"https:\/\/www.lolibri.fr\/?s={search_term_string}"},"query-input":{"@type":"PropertyValueSpecification","valueRequired":true,"valueName":"search_term_string"}}],"inLanguage":"fr-FR"},{"@type":"Organization","@id":"https:\/\/www.lolibri.fr\/#organization","name":"Lolibri","url":"https:\/\/www.lolibri.fr\/","logo":{"@type":"ImageObject","inLanguage":"fr-FR","@id":"https:\/\/www.lolibri.fr\/#\/schema\/logo\/image\/","url":"https:\/\/www.lolibri.fr\/wp-content\/uploads\/2022\/08\/cropped-logo-gris-2cm.png","contentUrl":"https:\/\/www.lolibri.fr\/wp-content\/uploads\/2022\/08\/cropped-logo-gris-2cm.png","width":381,"height":233,"caption":"Lolibri"},"image":{"@id":"https:\/\/www.lolibri.fr\/#\/schema\/logo\/image\/"},"sameAs":["https:\/\/www.facebook.com\/lolibri.conseil","https:\/\/www.linkedin.com\/company\/87092179\/"]},{"@type":"Person","@id":"https:\/\/www.lolibri.fr\/#\/schema\/person\/9a3a28f54bd4fd90c9b98e04a41e74ff","name":"Carole","image":{"@type":"ImageObject","inLanguage":"fr-FR","@id":"https:\/\/secure.gravatar.com\/avatar\/59628fb04d649c2ac9b23caccd3413f658b318f7fc9240dd060dcf0c74ca884f?s=96&d=mm&r=g","url":"https:\/\/secure.gravatar.com\/avatar\/59628fb04d649c2ac9b23caccd3413f658b318f7fc9240dd060dcf0c74ca884f?s=96&d=mm&r=g","contentUrl":"https:\/\/secure.gravatar.com\/avatar\/59628fb04d649c2ac9b23caccd3413f658b318f7fc9240dd060dcf0c74ca884f?s=96&d=mm&r=g","caption":"Carole"},"sameAs":["http:\/\/sueczwn.cluster029.hosting.ovh.net"],"url":"https:\/\/www.lolibri.fr\/index.php\/author\/admin9988\/"}]}},"_links":{"self":[{"href":"https:\/\/www.lolibri.fr\/index.php\/wp-json\/wp\/v2\/posts\/1831","targetHints":{"allow":["GET"]}}],"collection":[{"href":"https:\/\/www.lolibri.fr\/index.php\/wp-json\/wp\/v2\/posts"}],"about":[{"href":"https:\/\/www.lolibri.fr\/index.php\/wp-json\/wp\/v2\/types\/post"}],"author":[{"embeddable":true,"href":"https:\/\/www.lolibri.fr\/index.php\/wp-json\/wp\/v2\/users\/1"}],"replies":[{"embeddable":true,"href":"https:\/\/www.lolibri.fr\/index.php\/wp-json\/wp\/v2\/comments?post=1831"}],"version-history":[{"count":11,"href":"https:\/\/www.lolibri.fr\/index.php\/wp-json\/wp\/v2\/posts\/1831\/revisions"}],"predecessor-version":[{"id":2134,"href":"https:\/\/www.lolibri.fr\/index.php\/wp-json\/wp\/v2\/posts\/1831\/revisions\/2134"}],"wp:attachment":[{"href":"https:\/\/www.lolibri.fr\/index.php\/wp-json\/wp\/v2\/media?parent=1831"}],"wp:term":[{"taxonomy":"category","embeddable":true,"href":"https:\/\/www.lolibri.fr\/index.php\/wp-json\/wp\/v2\/categories?post=1831"},{"taxonomy":"post_tag","embeddable":true,"href":"https:\/\/www.lolibri.fr\/index.php\/wp-json\/wp\/v2\/tags?post=1831"}],"curies":[{"name":"wp","href":"https:\/\/api.w.org\/{rel}","templated":true}]}}