{"id":1772,"date":"2023-06-22T15:33:07","date_gmt":"2023-06-22T13:33:07","guid":{"rendered":"https:\/\/www.lolibri.fr\/?p=1772"},"modified":"2023-09-07T22:03:41","modified_gmt":"2023-09-07T20:03:41","slug":"fresque-du-climat-en-entreprise-pourquoi-faire","status":"publish","type":"post","link":"https:\/\/www.lolibri.fr\/index.php\/2023\/06\/22\/fresque-du-climat-en-entreprise-pourquoi-faire\/","title":{"rendered":"Fresque du Climat en entreprise\u00a0: pourquoi faire\u00a0?"},"content":{"rendered":"\t\t<div data-elementor-type=\"wp-post\" data-elementor-id=\"1772\" class=\"elementor elementor-1772\">\n\t\t\t\t\t\t<section class=\"elementor-section elementor-top-section elementor-element elementor-element-7afcd6e elementor-section-boxed elementor-section-height-default elementor-section-height-default\" data-id=\"7afcd6e\" data-element_type=\"section\" data-e-type=\"section\">\n\t\t\t\t\t\t<div class=\"elementor-container elementor-column-gap-default\">\n\t\t\t\t\t<div class=\"elementor-column elementor-col-50 elementor-top-column elementor-element elementor-element-6a25262\" data-id=\"6a25262\" data-element_type=\"column\" data-e-type=\"column\">\n\t\t\t<div class=\"elementor-widget-wrap elementor-element-populated\">\n\t\t\t\t\t\t<div class=\"elementor-element elementor-element-3deb64e elementor-widget elementor-widget-text-editor\" data-id=\"3deb64e\" data-element_type=\"widget\" data-e-type=\"widget\" data-widget_type=\"text-editor.default\">\n\t\t\t\t<div class=\"elementor-widget-container\">\n\t\t\t\t\t\t\t\t\t<p>Avez-vous lu le dernier rapport du GIEC\u00a0? Non\u00a0? Ce n\u2019est pas grave, on vous fait un r\u00e9sum\u00e9 rapide\u00a0: le d\u00e9r\u00e8glement climatique ne cesse de s\u2019intensifier et l\u2019Homme en est responsable. Voil\u00e0\u00a0!<\/p><p>Vous avez du mal \u00e0 le croire ou \u00e0 comprendre les enjeux\u00a0: venez participer \u00e0 une Fresque du Climat. Le plus efficace \u00e9tant de la r\u00e9aliser au sein de son entreprise.<\/p>\t\t\t\t\t\t\t\t<\/div>\n\t\t\t\t<\/div>\n\t\t\t\t\t<\/div>\n\t\t<\/div>\n\t\t\t\t<div class=\"elementor-column elementor-col-50 elementor-top-column elementor-element elementor-element-da21cf2\" data-id=\"da21cf2\" data-element_type=\"column\" data-e-type=\"column\">\n\t\t\t<div class=\"elementor-widget-wrap elementor-element-populated\">\n\t\t\t\t\t\t<div class=\"elementor-element elementor-element-e89bb2c elementor-widget elementor-widget-text-editor\" data-id=\"e89bb2c\" data-element_type=\"widget\" data-e-type=\"widget\" data-widget_type=\"text-editor.default\">\n\t\t\t\t<div class=\"elementor-widget-container\">\n\t\t\t\t\t\t\t\t\t<p>En effet, l&rsquo;urgence climatique ne cesse de s&rsquo;intensifier, et il est essentiel que chaque individu et chaque organisation contribue \u00e0 la recherche de solutions.<\/p><p>\u00a0Dans cette optique, l&rsquo;organisation d&rsquo;un atelier Fresque du Climat (FdC pour les intimes) au sein d&rsquo;une entreprise pr\u00e9sente de nombreux avantages.<\/p>\t\t\t\t\t\t\t\t<\/div>\n\t\t\t\t<\/div>\n\t\t\t\t\t<\/div>\n\t\t<\/div>\n\t\t\t\t\t<\/div>\n\t\t<\/section>\n\t\t\t\t<section class=\"elementor-section elementor-top-section elementor-element elementor-element-ff5263f elementor-section-boxed elementor-section-height-default elementor-section-height-default\" data-id=\"ff5263f\" data-element_type=\"section\" data-e-type=\"section\">\n\t\t\t\t\t\t<div class=\"elementor-container elementor-column-gap-default\">\n\t\t\t\t\t<div class=\"elementor-column elementor-col-100 elementor-top-column elementor-element elementor-element-d6f69b8\" data-id=\"d6f69b8\" data-element_type=\"column\" data-e-type=\"column\">\n\t\t\t<div class=\"elementor-widget-wrap elementor-element-populated\">\n\t\t\t\t\t\t<div class=\"elementor-element elementor-element-7e59574 elementor-widget elementor-widget-heading\" data-id=\"7e59574\" data-element_type=\"widget\" data-e-type=\"widget\" data-widget_type=\"heading.default\">\n\t\t\t\t<div class=\"elementor-widget-container\">\n\t\t\t\t\t<h2 class=\"elementor-heading-title elementor-size-default\">Les avantages de la Fresque du Climat en entreprise<\/h2>\t\t\t\t<\/div>\n\t\t\t\t<\/div>\n\t\t\t\t\t<\/div>\n\t\t<\/div>\n\t\t\t\t\t<\/div>\n\t\t<\/section>\n\t\t\t\t<section class=\"elementor-section elementor-top-section elementor-element elementor-element-f30676c elementor-section-boxed elementor-section-height-default elementor-section-height-default\" data-id=\"f30676c\" data-element_type=\"section\" data-e-type=\"section\">\n\t\t\t\t\t\t<div class=\"elementor-container elementor-column-gap-default\">\n\t\t\t\t\t<div class=\"elementor-column elementor-col-100 elementor-top-column elementor-element elementor-element-0b880f0\" data-id=\"0b880f0\" data-element_type=\"column\" data-e-type=\"column\">\n\t\t\t<div class=\"elementor-widget-wrap elementor-element-populated\">\n\t\t\t\t\t\t<div class=\"elementor-element elementor-element-3119dd9 elementor-widget elementor-widget-text-editor\" data-id=\"3119dd9\" data-element_type=\"widget\" data-e-type=\"widget\" data-widget_type=\"text-editor.default\">\n\t\t\t\t<div class=\"elementor-widget-container\">\n\t\t\t\t\t\t\t\t\t<p>On ne va pas tous les citer mais en voici quelques-un :<\/p><h2>Collaboration<\/h2><p>L\u2019atelier la FdC est un atelier ludique et collaboratif. Il encourage la collaboration et la coh\u00e9sion au sein des \u00e9quipes. Les participants sont invit\u00e9s \u00e0 travailler ensemble pour comprendre les causes \u00e0 effets du d\u00e9r\u00e8glement climatique. Cela renforce les liens entre les collaborateurs et cr\u00e9e un sentiment d&rsquo;appartenance \u00e0 une cause commune.<\/p><h2>Sensibilisation accrue<\/h2><p>Cet atelier permet de sensibiliser les employ\u00e9s \u00e0 l&rsquo;importance des enjeux climatiques actuels. En comprenant les m\u00e9canismes du r\u00e9chauffement climatique et ses cons\u00e9quences, les participants prennent conscience de l&rsquo;impact de leurs actions sur l&rsquo;environnement. Cette prise de conscience est le premier pas vers un changement r\u00e9el.<\/p><h2>Stimulus \u00e0 l&rsquo;innovation et int\u00e9gration de valeur durable<\/h2><p>La sensibilisation aux enjeux climatiques peut stimuler l&rsquo;innovation au sein des entreprises. Les participants \u00e0 la Fresque du Climat sont encourag\u00e9s \u00e0 r\u00e9fl\u00e9chir de mani\u00e8re cr\u00e9ative pour trouver des solutions novatrices et durables. Et cela peut conduire \u00e0 de nouvelles id\u00e9es, de nouveaux produits ou services qui r\u00e9pondent aux d\u00e9fis climatiques tout en g\u00e9n\u00e9rant une valeur \u00e9conomique. De plus, en int\u00e9grant des valeurs \u00e9coresponsables dans les pratiques quotidiennes, les entreprises peuvent progressivement modifier leurs comportements et leurs politiques internes pour soutenir un d\u00e9veloppement durable.<\/p><h2>Renforcement de la r\u00e9putation<\/h2><p>L&rsquo;engagement de l&rsquo;entreprise envers la lutte contre le changement climatique et sa volont\u00e9 d&rsquo;agir de mani\u00e8re responsable sont des atouts pr\u00e9cieux en termes de r\u00e9putation. De plus en plus de consommateurs et de partenaires sont sensibles aux enjeux environnementaux.\u00a0 Ainsi, ils privil\u00e9gient les entreprises engag\u00e9es dans une d\u00e9marche responsable. En montrant leur implication dans la lutte contre le changement climatique, les entreprises se positionnent favorablement sur le march\u00e9 et renforcent leur r\u00e9putation.<\/p>\t\t\t\t\t\t\t\t<\/div>\n\t\t\t\t<\/div>\n\t\t\t\t\t<\/div>\n\t\t<\/div>\n\t\t\t\t\t<\/div>\n\t\t<\/section>\n\t\t\t\t<section class=\"elementor-section elementor-top-section elementor-element elementor-element-c83212f elementor-section-boxed elementor-section-height-default elementor-section-height-default\" data-id=\"c83212f\" data-element_type=\"section\" data-e-type=\"section\">\n\t\t\t\t\t\t<div class=\"elementor-container elementor-column-gap-default\">\n\t\t\t\t\t<div class=\"elementor-column elementor-col-100 elementor-top-column elementor-element elementor-element-b173ad3\" data-id=\"b173ad3\" data-element_type=\"column\" data-e-type=\"column\">\n\t\t\t<div class=\"elementor-widget-wrap elementor-element-populated\">\n\t\t\t\t\t\t<div class=\"elementor-element elementor-element-4cb0f37 elementor-widget elementor-widget-text-editor\" data-id=\"4cb0f37\" data-element_type=\"widget\" data-e-type=\"widget\" data-widget_type=\"text-editor.default\">\n\t\t\t\t<div class=\"elementor-widget-container\">\n\t\t\t\t\t\t\t\t\t<h1>Pour conclure<\/h1><p>Pour conclure, les avantages d\u2019organiser un atelier Fresque du Climat au sein d&rsquo;une entreprise sont nombreux.<\/p><p>Il constitue un premier pas significatif vers un changement durable. En effet, cette initiative permet de sensibiliser les employ\u00e9s, de favoriser une culture d&rsquo;entreprise ax\u00e9e sur la durabilit\u00e9, de renforcer la collaboration et la coh\u00e9sion. Elle permet \u00e9galement d&rsquo;am\u00e9liorer la r\u00e9putation de l&rsquo;entreprise et de promouvoir des actions concr\u00e8tes en faveur de l&rsquo;environnement.<\/p><p>Il est temps d&rsquo;agir collectivement pour un avenir plus durable et responsable.<\/p>\t\t\t\t\t\t\t\t<\/div>\n\t\t\t\t<\/div>\n\t\t\t\t\t<\/div>\n\t\t<\/div>\n\t\t\t\t\t<\/div>\n\t\t<\/section>\n\t\t\t\t<section class=\"elementor-section elementor-top-section elementor-element elementor-element-469e4d3 elementor-section-boxed elementor-section-height-default elementor-section-height-default\" data-id=\"469e4d3\" data-element_type=\"section\" data-e-type=\"section\">\n\t\t\t\t\t\t<div class=\"elementor-container elementor-column-gap-default\">\n\t\t\t\t\t<div class=\"elementor-column elementor-col-100 elementor-top-column elementor-element elementor-element-086cc6b\" data-id=\"086cc6b\" data-element_type=\"column\" data-e-type=\"column\">\n\t\t\t<div class=\"elementor-widget-wrap elementor-element-populated\">\n\t\t\t\t\t\t<div class=\"elementor-element elementor-element-1cecfa9 elementor-widget elementor-widget-image\" data-id=\"1cecfa9\" data-element_type=\"widget\" data-e-type=\"widget\" data-widget_type=\"image.default\">\n\t\t\t\t<div class=\"elementor-widget-container\">\n\t\t\t\t\t\t\t\t\t\t\t\t\t\t\t<img decoding=\"async\" src=\"http:\/\/www.lolibri.fr\/wp-content\/uploads\/2023\/06\/Pourquoi-organiser-une-fresque-du-clima-1.png\" title=\"\" alt=\"Fresque du Climat avec Lolibri\" loading=\"lazy\" \/>\t\t\t\t\t\t\t\t\t\t\t\t\t\t\t<\/div>\n\t\t\t\t<\/div>\n\t\t\t\t\t<\/div>\n\t\t<\/div>\n\t\t\t\t\t<\/div>\n\t\t<\/section>\n\t\t\t\t<section class=\"elementor-section elementor-top-section elementor-element elementor-element-b5d4d74 elementor-section-boxed elementor-section-height-default elementor-section-height-default\" data-id=\"b5d4d74\" data-element_type=\"section\" data-e-type=\"section\">\n\t\t\t\t\t\t<div class=\"elementor-container elementor-column-gap-default\">\n\t\t\t\t\t<div class=\"elementor-column elementor-col-50 elementor-top-column elementor-element elementor-element-cde7c3b\" data-id=\"cde7c3b\" data-element_type=\"column\" data-e-type=\"column\">\n\t\t\t<div class=\"elementor-widget-wrap elementor-element-populated\">\n\t\t\t\t\t\t<div class=\"elementor-element elementor-element-852b687 elementor-widget elementor-widget-text-editor\" data-id=\"852b687\" data-element_type=\"widget\" data-e-type=\"widget\" data-widget_type=\"text-editor.default\">\n\t\t\t\t<div class=\"elementor-widget-container\">\n\t\t\t\t\t\t\t\t\t<p>Envie d&rsquo;agir ? Contacter vite Lolibri<\/p>\t\t\t\t\t\t\t\t<\/div>\n\t\t\t\t<\/div>\n\t\t\t\t\t<\/div>\n\t\t<\/div>\n\t\t\t\t<div class=\"elementor-column elementor-col-50 elementor-top-column elementor-element elementor-element-27e224d\" data-id=\"27e224d\" data-element_type=\"column\" data-e-type=\"column\">\n\t\t\t<div class=\"elementor-widget-wrap elementor-element-populated\">\n\t\t\t\t\t\t<div class=\"elementor-element elementor-element-e41b318 elementor-align-center elementor-widget elementor-widget-button\" data-id=\"e41b318\" data-element_type=\"widget\" data-e-type=\"widget\" data-widget_type=\"button.default\">\n\t\t\t\t<div class=\"elementor-widget-container\">\n\t\t\t\t\t\t\t\t\t<div class=\"elementor-button-wrapper\">\n\t\t\t\t\t<a class=\"elementor-button elementor-button-link elementor-size-sm\" href=\"https:\/\/www.lolibri.fr\/index.php\/contactez-lolibri\/\">\n\t\t\t\t\t\t<span class=\"elementor-button-content-wrapper\">\n\t\t\t\t\t\t\t\t\t<span class=\"elementor-button-text\">Contacter Lolibri<\/span>\n\t\t\t\t\t<\/span>\n\t\t\t\t\t<\/a>\n\t\t\t\t<\/div>\n\t\t\t\t\t\t\t\t<\/div>\n\t\t\t\t<\/div>\n\t\t\t\t\t<\/div>\n\t\t<\/div>\n\t\t\t\t\t<\/div>\n\t\t<\/section>\n\t\t\t\t<\/div>\n\t\t","protected":false},"excerpt":{"rendered":"<p>Avez-vous lu le dernier rapport du GIEC\u00a0? Non\u00a0? Ce n\u2019est pas grave, on vous fait un r\u00e9sum\u00e9 rapide\u00a0: le d\u00e9r\u00e8glement climatique ne cesse de s\u2019intensifier et l\u2019Homme en est responsable. Voil\u00e0\u00a0! Vous avez du mal \u00e0 le croire ou \u00e0 comprendre les enjeux\u00a0: venez participer \u00e0 une Fresque du Climat. Le plus efficace \u00e9tant de [&hellip;]<\/p>\n","protected":false},"author":1,"featured_media":0,"comment_status":"open","ping_status":"open","sticky":false,"template":"","format":"standard","meta":{"ocean_post_layout":"","ocean_both_sidebars_style":"","ocean_both_sidebars_content_width":0,"ocean_both_sidebars_sidebars_width":0,"ocean_sidebar":"","ocean_second_sidebar":"","ocean_disable_margins":"enable","ocean_add_body_class":"","ocean_shortcode_before_top_bar":"","ocean_shortcode_after_top_bar":"","ocean_shortcode_before_header":"","ocean_shortcode_after_header":"","ocean_has_shortcode":"","ocean_shortcode_after_title":"","ocean_shortcode_before_footer_widgets":"","ocean_shortcode_after_footer_widgets":"","ocean_shortcode_before_footer_bottom":"","ocean_shortcode_after_footer_bottom":"","ocean_display_top_bar":"default","ocean_display_header":"default","ocean_header_style":"","ocean_center_header_left_menu":"","ocean_custom_header_template":"","ocean_custom_logo":0,"ocean_custom_retina_logo":0,"ocean_custom_logo_max_width":0,"ocean_custom_logo_tablet_max_width":0,"ocean_custom_logo_mobile_max_width":0,"ocean_custom_logo_max_height":0,"ocean_custom_logo_tablet_max_height":0,"ocean_custom_logo_mobile_max_height":0,"ocean_header_custom_menu":"","ocean_menu_typo_font_family":"","ocean_menu_typo_font_subset":"","ocean_menu_typo_font_size":0,"ocean_menu_typo_font_size_tablet":0,"ocean_menu_typo_font_size_mobile":0,"ocean_menu_typo_font_size_unit":"px","ocean_menu_typo_font_weight":"","ocean_menu_typo_font_weight_tablet":"","ocean_menu_typo_font_weight_mobile":"","ocean_menu_typo_transform":"","ocean_menu_typo_transform_tablet":"","ocean_menu_typo_transform_mobile":"","ocean_menu_typo_line_height":0,"ocean_menu_typo_line_height_tablet":0,"ocean_menu_typo_line_height_mobile":0,"ocean_menu_typo_line_height_unit":"","ocean_menu_typo_spacing":0,"ocean_menu_typo_spacing_tablet":0,"ocean_menu_typo_spacing_mobile":0,"ocean_menu_typo_spacing_unit":"","ocean_menu_link_color":"","ocean_menu_link_color_hover":"","ocean_menu_link_color_active":"","ocean_menu_link_background":"","ocean_menu_link_hover_background":"","ocean_menu_link_active_background":"","ocean_menu_social_links_bg":"","ocean_menu_social_hover_links_bg":"","ocean_menu_social_links_color":"","ocean_menu_social_hover_links_color":"","ocean_disable_title":"default","ocean_disable_heading":"default","ocean_post_title":"","ocean_post_subheading":"","ocean_post_title_style":"","ocean_post_title_background_color":"","ocean_post_title_background":0,"ocean_post_title_bg_image_position":"","ocean_post_title_bg_image_attachment":"","ocean_post_title_bg_image_repeat":"","ocean_post_title_bg_image_size":"","ocean_post_title_height":0,"ocean_post_title_bg_overlay":0.5,"ocean_post_title_bg_overlay_color":"","ocean_disable_breadcrumbs":"default","ocean_breadcrumbs_color":"","ocean_breadcrumbs_separator_color":"","ocean_breadcrumbs_links_color":"","ocean_breadcrumbs_links_hover_color":"","ocean_display_footer_widgets":"default","ocean_display_footer_bottom":"default","ocean_custom_footer_template":"","ocean_post_oembed":"","ocean_post_self_hosted_media":"","ocean_post_video_embed":"","ocean_link_format":"","ocean_link_format_target":"self","ocean_quote_format":"","ocean_quote_format_link":"post","ocean_gallery_link_images":"on","ocean_gallery_id":[],"footnotes":""},"categories":[1],"tags":[],"class_list":["post-1772","post","type-post","status-publish","format-standard","hentry","category-non-classe","entry"],"yoast_head":"<!-- This site is optimized with the Yoast SEO plugin v27.4 - https:\/\/yoast.com\/product\/yoast-seo-wordpress\/ -->\n<title>Fresque du Climat en entreprise\u00a0: pourquoi faire\u00a0? - Lolibri<\/title>\n<meta name=\"description\" content=\"Vous ne connaissez pas la Fresque du Climat et ses avantages \u00e0 le faire dans votre entreprise ? Lisez vite cet article de Lolibri\" \/>\n<meta name=\"robots\" content=\"index, follow, max-snippet:-1, max-image-preview:large, max-video-preview:-1\" \/>\n<link rel=\"canonical\" href=\"https:\/\/www.lolibri.fr\/index.php\/2023\/06\/22\/fresque-du-climat-en-entreprise-pourquoi-faire\/\" \/>\n<meta property=\"og:locale\" content=\"fr_FR\" \/>\n<meta property=\"og:type\" content=\"article\" \/>\n<meta property=\"og:title\" content=\"Fresque du Climat en entreprise\u00a0: pourquoi faire\u00a0? - Lolibri\" \/>\n<meta property=\"og:description\" content=\"Vous ne connaissez pas la Fresque du Climat et ses avantages \u00e0 le faire dans votre entreprise ? Lisez vite cet article de Lolibri\" \/>\n<meta property=\"og:url\" content=\"https:\/\/www.lolibri.fr\/index.php\/2023\/06\/22\/fresque-du-climat-en-entreprise-pourquoi-faire\/\" \/>\n<meta property=\"og:site_name\" content=\"Lolibri\" \/>\n<meta property=\"article:publisher\" content=\"https:\/\/www.facebook.com\/lolibri.conseil\" \/>\n<meta property=\"article:published_time\" content=\"2023-06-22T13:33:07+00:00\" \/>\n<meta property=\"article:modified_time\" content=\"2023-09-07T20:03:41+00:00\" \/>\n<meta property=\"og:image\" content=\"http:\/\/www.lolibri.fr\/wp-content\/uploads\/2023\/06\/Pourquoi-organiser-une-fresque-du-clima-1-1024x577.png\" \/>\n<meta name=\"author\" content=\"Carole\" \/>\n<meta name=\"twitter:card\" content=\"summary_large_image\" \/>\n<meta name=\"twitter:label1\" content=\"\u00c9crit par\" \/>\n\t<meta name=\"twitter:data1\" content=\"Carole\" \/>\n\t<meta name=\"twitter:label2\" content=\"Dur\u00e9e de lecture estim\u00e9e\" \/>\n\t<meta name=\"twitter:data2\" content=\"3 minutes\" \/>\n<script type=\"application\/ld+json\" class=\"yoast-schema-graph\">{\"@context\":\"https:\\\/\\\/schema.org\",\"@graph\":[{\"@type\":\"Article\",\"@id\":\"https:\\\/\\\/www.lolibri.fr\\\/index.php\\\/2023\\\/06\\\/22\\\/fresque-du-climat-en-entreprise-pourquoi-faire\\\/#article\",\"isPartOf\":{\"@id\":\"https:\\\/\\\/www.lolibri.fr\\\/index.php\\\/2023\\\/06\\\/22\\\/fresque-du-climat-en-entreprise-pourquoi-faire\\\/\"},\"author\":{\"name\":\"Carole\",\"@id\":\"https:\\\/\\\/www.lolibri.fr\\\/#\\\/schema\\\/person\\\/9a3a28f54bd4fd90c9b98e04a41e74ff\"},\"headline\":\"Fresque du Climat en entreprise\u00a0: pourquoi faire\u00a0?\",\"datePublished\":\"2023-06-22T13:33:07+00:00\",\"dateModified\":\"2023-09-07T20:03:41+00:00\",\"mainEntityOfPage\":{\"@id\":\"https:\\\/\\\/www.lolibri.fr\\\/index.php\\\/2023\\\/06\\\/22\\\/fresque-du-climat-en-entreprise-pourquoi-faire\\\/\"},\"wordCount\":549,\"commentCount\":0,\"publisher\":{\"@id\":\"https:\\\/\\\/www.lolibri.fr\\\/#organization\"},\"image\":{\"@id\":\"https:\\\/\\\/www.lolibri.fr\\\/index.php\\\/2023\\\/06\\\/22\\\/fresque-du-climat-en-entreprise-pourquoi-faire\\\/#primaryimage\"},\"thumbnailUrl\":\"http:\\\/\\\/www.lolibri.fr\\\/wp-content\\\/uploads\\\/2023\\\/06\\\/Pourquoi-organiser-une-fresque-du-clima-1-1024x577.png\",\"inLanguage\":\"fr-FR\",\"potentialAction\":[{\"@type\":\"CommentAction\",\"name\":\"Comment\",\"target\":[\"https:\\\/\\\/www.lolibri.fr\\\/index.php\\\/2023\\\/06\\\/22\\\/fresque-du-climat-en-entreprise-pourquoi-faire\\\/#respond\"]}]},{\"@type\":\"WebPage\",\"@id\":\"https:\\\/\\\/www.lolibri.fr\\\/index.php\\\/2023\\\/06\\\/22\\\/fresque-du-climat-en-entreprise-pourquoi-faire\\\/\",\"url\":\"https:\\\/\\\/www.lolibri.fr\\\/index.php\\\/2023\\\/06\\\/22\\\/fresque-du-climat-en-entreprise-pourquoi-faire\\\/\",\"name\":\"Fresque du Climat en entreprise\u00a0: pourquoi faire\u00a0? - Lolibri\",\"isPartOf\":{\"@id\":\"https:\\\/\\\/www.lolibri.fr\\\/#website\"},\"primaryImageOfPage\":{\"@id\":\"https:\\\/\\\/www.lolibri.fr\\\/index.php\\\/2023\\\/06\\\/22\\\/fresque-du-climat-en-entreprise-pourquoi-faire\\\/#primaryimage\"},\"image\":{\"@id\":\"https:\\\/\\\/www.lolibri.fr\\\/index.php\\\/2023\\\/06\\\/22\\\/fresque-du-climat-en-entreprise-pourquoi-faire\\\/#primaryimage\"},\"thumbnailUrl\":\"http:\\\/\\\/www.lolibri.fr\\\/wp-content\\\/uploads\\\/2023\\\/06\\\/Pourquoi-organiser-une-fresque-du-clima-1-1024x577.png\",\"datePublished\":\"2023-06-22T13:33:07+00:00\",\"dateModified\":\"2023-09-07T20:03:41+00:00\",\"description\":\"Vous ne connaissez pas la Fresque du Climat et ses avantages \u00e0 le faire dans votre entreprise ? Lisez vite cet article de Lolibri\",\"breadcrumb\":{\"@id\":\"https:\\\/\\\/www.lolibri.fr\\\/index.php\\\/2023\\\/06\\\/22\\\/fresque-du-climat-en-entreprise-pourquoi-faire\\\/#breadcrumb\"},\"inLanguage\":\"fr-FR\",\"potentialAction\":[{\"@type\":\"ReadAction\",\"target\":[\"https:\\\/\\\/www.lolibri.fr\\\/index.php\\\/2023\\\/06\\\/22\\\/fresque-du-climat-en-entreprise-pourquoi-faire\\\/\"]}]},{\"@type\":\"ImageObject\",\"inLanguage\":\"fr-FR\",\"@id\":\"https:\\\/\\\/www.lolibri.fr\\\/index.php\\\/2023\\\/06\\\/22\\\/fresque-du-climat-en-entreprise-pourquoi-faire\\\/#primaryimage\",\"url\":\"http:\\\/\\\/www.lolibri.fr\\\/wp-content\\\/uploads\\\/2023\\\/06\\\/Pourquoi-organiser-une-fresque-du-clima-1-1024x577.png\",\"contentUrl\":\"http:\\\/\\\/www.lolibri.fr\\\/wp-content\\\/uploads\\\/2023\\\/06\\\/Pourquoi-organiser-une-fresque-du-clima-1-1024x577.png\"},{\"@type\":\"BreadcrumbList\",\"@id\":\"https:\\\/\\\/www.lolibri.fr\\\/index.php\\\/2023\\\/06\\\/22\\\/fresque-du-climat-en-entreprise-pourquoi-faire\\\/#breadcrumb\",\"itemListElement\":[{\"@type\":\"ListItem\",\"position\":1,\"name\":\"Accueil\",\"item\":\"https:\\\/\\\/www.lolibri.fr\\\/\"},{\"@type\":\"ListItem\",\"position\":2,\"name\":\"Fresque du Climat en entreprise\u00a0: pourquoi faire\u00a0?\"}]},{\"@type\":\"WebSite\",\"@id\":\"https:\\\/\\\/www.lolibri.fr\\\/#website\",\"url\":\"https:\\\/\\\/www.lolibri.fr\\\/\",\"name\":\"Lolibri\",\"description\":\"La performance dans le bon sens.\",\"publisher\":{\"@id\":\"https:\\\/\\\/www.lolibri.fr\\\/#organization\"},\"potentialAction\":[{\"@type\":\"SearchAction\",\"target\":{\"@type\":\"EntryPoint\",\"urlTemplate\":\"https:\\\/\\\/www.lolibri.fr\\\/?s={search_term_string}\"},\"query-input\":{\"@type\":\"PropertyValueSpecification\",\"valueRequired\":true,\"valueName\":\"search_term_string\"}}],\"inLanguage\":\"fr-FR\"},{\"@type\":\"Organization\",\"@id\":\"https:\\\/\\\/www.lolibri.fr\\\/#organization\",\"name\":\"Lolibri\",\"url\":\"https:\\\/\\\/www.lolibri.fr\\\/\",\"logo\":{\"@type\":\"ImageObject\",\"inLanguage\":\"fr-FR\",\"@id\":\"https:\\\/\\\/www.lolibri.fr\\\/#\\\/schema\\\/logo\\\/image\\\/\",\"url\":\"https:\\\/\\\/www.lolibri.fr\\\/wp-content\\\/uploads\\\/2022\\\/08\\\/cropped-logo-gris-2cm.png\",\"contentUrl\":\"https:\\\/\\\/www.lolibri.fr\\\/wp-content\\\/uploads\\\/2022\\\/08\\\/cropped-logo-gris-2cm.png\",\"width\":381,\"height\":233,\"caption\":\"Lolibri\"},\"image\":{\"@id\":\"https:\\\/\\\/www.lolibri.fr\\\/#\\\/schema\\\/logo\\\/image\\\/\"},\"sameAs\":[\"https:\\\/\\\/www.facebook.com\\\/lolibri.conseil\",\"https:\\\/\\\/www.linkedin.com\\\/company\\\/87092179\\\/\"]},{\"@type\":\"Person\",\"@id\":\"https:\\\/\\\/www.lolibri.fr\\\/#\\\/schema\\\/person\\\/9a3a28f54bd4fd90c9b98e04a41e74ff\",\"name\":\"Carole\",\"image\":{\"@type\":\"ImageObject\",\"inLanguage\":\"fr-FR\",\"@id\":\"https:\\\/\\\/secure.gravatar.com\\\/avatar\\\/59628fb04d649c2ac9b23caccd3413f658b318f7fc9240dd060dcf0c74ca884f?s=96&d=mm&r=g\",\"url\":\"https:\\\/\\\/secure.gravatar.com\\\/avatar\\\/59628fb04d649c2ac9b23caccd3413f658b318f7fc9240dd060dcf0c74ca884f?s=96&d=mm&r=g\",\"contentUrl\":\"https:\\\/\\\/secure.gravatar.com\\\/avatar\\\/59628fb04d649c2ac9b23caccd3413f658b318f7fc9240dd060dcf0c74ca884f?s=96&d=mm&r=g\",\"caption\":\"Carole\"},\"sameAs\":[\"http:\\\/\\\/sueczwn.cluster029.hosting.ovh.net\"],\"url\":\"https:\\\/\\\/www.lolibri.fr\\\/index.php\\\/author\\\/admin9988\\\/\"}]}<\/script>\n<!-- \/ Yoast SEO plugin. -->","yoast_head_json":{"title":"Fresque du Climat en entreprise\u00a0: pourquoi faire\u00a0? - Lolibri","description":"Vous ne connaissez pas la Fresque du Climat et ses avantages \u00e0 le faire dans votre entreprise ? Lisez vite cet article de Lolibri","robots":{"index":"index","follow":"follow","max-snippet":"max-snippet:-1","max-image-preview":"max-image-preview:large","max-video-preview":"max-video-preview:-1"},"canonical":"https:\/\/www.lolibri.fr\/index.php\/2023\/06\/22\/fresque-du-climat-en-entreprise-pourquoi-faire\/","og_locale":"fr_FR","og_type":"article","og_title":"Fresque du Climat en entreprise\u00a0: pourquoi faire\u00a0? - Lolibri","og_description":"Vous ne connaissez pas la Fresque du Climat et ses avantages \u00e0 le faire dans votre entreprise ? Lisez vite cet article de Lolibri","og_url":"https:\/\/www.lolibri.fr\/index.php\/2023\/06\/22\/fresque-du-climat-en-entreprise-pourquoi-faire\/","og_site_name":"Lolibri","article_publisher":"https:\/\/www.facebook.com\/lolibri.conseil","article_published_time":"2023-06-22T13:33:07+00:00","article_modified_time":"2023-09-07T20:03:41+00:00","og_image":[{"url":"http:\/\/www.lolibri.fr\/wp-content\/uploads\/2023\/06\/Pourquoi-organiser-une-fresque-du-clima-1-1024x577.png","type":"","width":"","height":""}],"author":"Carole","twitter_card":"summary_large_image","twitter_misc":{"\u00c9crit par":"Carole","Dur\u00e9e de lecture estim\u00e9e":"3 minutes"},"schema":{"@context":"https:\/\/schema.org","@graph":[{"@type":"Article","@id":"https:\/\/www.lolibri.fr\/index.php\/2023\/06\/22\/fresque-du-climat-en-entreprise-pourquoi-faire\/#article","isPartOf":{"@id":"https:\/\/www.lolibri.fr\/index.php\/2023\/06\/22\/fresque-du-climat-en-entreprise-pourquoi-faire\/"},"author":{"name":"Carole","@id":"https:\/\/www.lolibri.fr\/#\/schema\/person\/9a3a28f54bd4fd90c9b98e04a41e74ff"},"headline":"Fresque du Climat en entreprise\u00a0: pourquoi faire\u00a0?","datePublished":"2023-06-22T13:33:07+00:00","dateModified":"2023-09-07T20:03:41+00:00","mainEntityOfPage":{"@id":"https:\/\/www.lolibri.fr\/index.php\/2023\/06\/22\/fresque-du-climat-en-entreprise-pourquoi-faire\/"},"wordCount":549,"commentCount":0,"publisher":{"@id":"https:\/\/www.lolibri.fr\/#organization"},"image":{"@id":"https:\/\/www.lolibri.fr\/index.php\/2023\/06\/22\/fresque-du-climat-en-entreprise-pourquoi-faire\/#primaryimage"},"thumbnailUrl":"http:\/\/www.lolibri.fr\/wp-content\/uploads\/2023\/06\/Pourquoi-organiser-une-fresque-du-clima-1-1024x577.png","inLanguage":"fr-FR","potentialAction":[{"@type":"CommentAction","name":"Comment","target":["https:\/\/www.lolibri.fr\/index.php\/2023\/06\/22\/fresque-du-climat-en-entreprise-pourquoi-faire\/#respond"]}]},{"@type":"WebPage","@id":"https:\/\/www.lolibri.fr\/index.php\/2023\/06\/22\/fresque-du-climat-en-entreprise-pourquoi-faire\/","url":"https:\/\/www.lolibri.fr\/index.php\/2023\/06\/22\/fresque-du-climat-en-entreprise-pourquoi-faire\/","name":"Fresque du Climat en entreprise\u00a0: pourquoi faire\u00a0? - Lolibri","isPartOf":{"@id":"https:\/\/www.lolibri.fr\/#website"},"primaryImageOfPage":{"@id":"https:\/\/www.lolibri.fr\/index.php\/2023\/06\/22\/fresque-du-climat-en-entreprise-pourquoi-faire\/#primaryimage"},"image":{"@id":"https:\/\/www.lolibri.fr\/index.php\/2023\/06\/22\/fresque-du-climat-en-entreprise-pourquoi-faire\/#primaryimage"},"thumbnailUrl":"http:\/\/www.lolibri.fr\/wp-content\/uploads\/2023\/06\/Pourquoi-organiser-une-fresque-du-clima-1-1024x577.png","datePublished":"2023-06-22T13:33:07+00:00","dateModified":"2023-09-07T20:03:41+00:00","description":"Vous ne connaissez pas la Fresque du Climat et ses avantages \u00e0 le faire dans votre entreprise ? Lisez vite cet article de Lolibri","breadcrumb":{"@id":"https:\/\/www.lolibri.fr\/index.php\/2023\/06\/22\/fresque-du-climat-en-entreprise-pourquoi-faire\/#breadcrumb"},"inLanguage":"fr-FR","potentialAction":[{"@type":"ReadAction","target":["https:\/\/www.lolibri.fr\/index.php\/2023\/06\/22\/fresque-du-climat-en-entreprise-pourquoi-faire\/"]}]},{"@type":"ImageObject","inLanguage":"fr-FR","@id":"https:\/\/www.lolibri.fr\/index.php\/2023\/06\/22\/fresque-du-climat-en-entreprise-pourquoi-faire\/#primaryimage","url":"http:\/\/www.lolibri.fr\/wp-content\/uploads\/2023\/06\/Pourquoi-organiser-une-fresque-du-clima-1-1024x577.png","contentUrl":"http:\/\/www.lolibri.fr\/wp-content\/uploads\/2023\/06\/Pourquoi-organiser-une-fresque-du-clima-1-1024x577.png"},{"@type":"BreadcrumbList","@id":"https:\/\/www.lolibri.fr\/index.php\/2023\/06\/22\/fresque-du-climat-en-entreprise-pourquoi-faire\/#breadcrumb","itemListElement":[{"@type":"ListItem","position":1,"name":"Accueil","item":"https:\/\/www.lolibri.fr\/"},{"@type":"ListItem","position":2,"name":"Fresque du Climat en entreprise\u00a0: pourquoi faire\u00a0?"}]},{"@type":"WebSite","@id":"https:\/\/www.lolibri.fr\/#website","url":"https:\/\/www.lolibri.fr\/","name":"Lolibri","description":"La performance dans le bon sens.","publisher":{"@id":"https:\/\/www.lolibri.fr\/#organization"},"potentialAction":[{"@type":"SearchAction","target":{"@type":"EntryPoint","urlTemplate":"https:\/\/www.lolibri.fr\/?s={search_term_string}"},"query-input":{"@type":"PropertyValueSpecification","valueRequired":true,"valueName":"search_term_string"}}],"inLanguage":"fr-FR"},{"@type":"Organization","@id":"https:\/\/www.lolibri.fr\/#organization","name":"Lolibri","url":"https:\/\/www.lolibri.fr\/","logo":{"@type":"ImageObject","inLanguage":"fr-FR","@id":"https:\/\/www.lolibri.fr\/#\/schema\/logo\/image\/","url":"https:\/\/www.lolibri.fr\/wp-content\/uploads\/2022\/08\/cropped-logo-gris-2cm.png","contentUrl":"https:\/\/www.lolibri.fr\/wp-content\/uploads\/2022\/08\/cropped-logo-gris-2cm.png","width":381,"height":233,"caption":"Lolibri"},"image":{"@id":"https:\/\/www.lolibri.fr\/#\/schema\/logo\/image\/"},"sameAs":["https:\/\/www.facebook.com\/lolibri.conseil","https:\/\/www.linkedin.com\/company\/87092179\/"]},{"@type":"Person","@id":"https:\/\/www.lolibri.fr\/#\/schema\/person\/9a3a28f54bd4fd90c9b98e04a41e74ff","name":"Carole","image":{"@type":"ImageObject","inLanguage":"fr-FR","@id":"https:\/\/secure.gravatar.com\/avatar\/59628fb04d649c2ac9b23caccd3413f658b318f7fc9240dd060dcf0c74ca884f?s=96&d=mm&r=g","url":"https:\/\/secure.gravatar.com\/avatar\/59628fb04d649c2ac9b23caccd3413f658b318f7fc9240dd060dcf0c74ca884f?s=96&d=mm&r=g","contentUrl":"https:\/\/secure.gravatar.com\/avatar\/59628fb04d649c2ac9b23caccd3413f658b318f7fc9240dd060dcf0c74ca884f?s=96&d=mm&r=g","caption":"Carole"},"sameAs":["http:\/\/sueczwn.cluster029.hosting.ovh.net"],"url":"https:\/\/www.lolibri.fr\/index.php\/author\/admin9988\/"}]}},"_links":{"self":[{"href":"https:\/\/www.lolibri.fr\/index.php\/wp-json\/wp\/v2\/posts\/1772","targetHints":{"allow":["GET"]}}],"collection":[{"href":"https:\/\/www.lolibri.fr\/index.php\/wp-json\/wp\/v2\/posts"}],"about":[{"href":"https:\/\/www.lolibri.fr\/index.php\/wp-json\/wp\/v2\/types\/post"}],"author":[{"embeddable":true,"href":"https:\/\/www.lolibri.fr\/index.php\/wp-json\/wp\/v2\/users\/1"}],"replies":[{"embeddable":true,"href":"https:\/\/www.lolibri.fr\/index.php\/wp-json\/wp\/v2\/comments?post=1772"}],"version-history":[{"count":23,"href":"https:\/\/www.lolibri.fr\/index.php\/wp-json\/wp\/v2\/posts\/1772\/revisions"}],"predecessor-version":[{"id":2137,"href":"https:\/\/www.lolibri.fr\/index.php\/wp-json\/wp\/v2\/posts\/1772\/revisions\/2137"}],"wp:attachment":[{"href":"https:\/\/www.lolibri.fr\/index.php\/wp-json\/wp\/v2\/media?parent=1772"}],"wp:term":[{"taxonomy":"category","embeddable":true,"href":"https:\/\/www.lolibri.fr\/index.php\/wp-json\/wp\/v2\/categories?post=1772"},{"taxonomy":"post_tag","embeddable":true,"href":"https:\/\/www.lolibri.fr\/index.php\/wp-json\/wp\/v2\/tags?post=1772"}],"curies":[{"name":"wp","href":"https:\/\/api.w.org\/{rel}","templated":true}]}}